{"id":84716,"date":"2005-11-25T12:49:42","date_gmt":"2005-11-25T11:49:42","guid":{"rendered":"https:\/\/mediarun.com\/index.php\/news-posts\/spotkanie-po-latach-studia-solidarnosc\/"},"modified":"2005-11-25T12:49:42","modified_gmt":"2005-11-25T11:49:42","slug":"spotkanie-po-latach-studia-solidarnosc","status":"publish","type":"post","link":"https:\/\/mediarun.com\/pl\/media\/tv\/spotkanie-po-latach-studia-solidarnosc.html","title":{"rendered":"Spotkanie po latach Studia Solidarno\u015b\u0107"},"content":{"rendered":"<p>Ich dzie\u0142o to oko\u0142o 80 godzin programu telewizyjnego po\u015bwi\u0119conego kampanii wyborczej Komitetu Obywatelskiego &#8222;Solidarno\u015b\u0107&#8221;. <\/p>\n<p>Specjalnym go\u015bciem spotkania by\u0142 Andrzej Wajda &#8211; &#8222;ojciec chrzestny&#8221; i opiekun Studia. Przybyli r\u00f3wnie\u017c wspieraj\u0105cy Studio znakomici arty\u015bci: Danuta Rinn, Jacek Fedorowicz, W\u0142odzimierz Korcz, Jan Pietrzak, Ernest Bryll. Wielu z tw\u00f3rc\u00f3w Studia Solidarno\u015b\u0107 to dzi\u015b znane postaci \u015bwiata polityki i dziennikarstwa, w\u015br\u00f3d nich senator El\u017cbieta Wi\u0119c\u0142awska-Sauk, przewodnicz\u0105ca SDP Krystyna Mokrosi\u0144ska, dyrektor Barbara Trzeciak Pietkiewicz z Polsatu, publicysta Stefan Truszczy\u0144ski, re\u017cyser Andrzej Jurga. <\/p>\n<p>Jan Dworak, gospodarz spotkania, dzi\u0119kuj\u0105c Zespo\u0142owi &#8222;Studia Solidarno\u015b\u0107&#8221; za zaanga\u017cowanie i wysi\u0142ek, zwr\u00f3ci\u0142 uwag\u0119 na jego ogromny wk\u0142ad w rozw\u00f3j demokratycznego dziennikarstwa. Spotkanie rozpocz\u0119te emisj\u0105 reporta\u017cu Barbary Rogalskiej i Niny Makowieckiej pt. &#8222;Studio Solidarno\u015b\u0107&#8221; przerodzi\u0142o si\u0119 w wiecz\u00f3r rozm\u00f3w, wspomnie\u0144 i anegdot z okresu wsp\u00f3lnej pracy. Nie zabrak\u0142o s\u0142ynnego sygna\u0142u &#8222;Studia Solidarno\u015b\u0107&#8221; w wykonaniu W\u0142odzimierza Korcza i &#8222;\u017beby Polska by\u0142a Polsk\u0105&#8221; Jana Pietrzaka. <\/p>\n<p>To spotkanie po latach by\u0142o jednym z akcent\u00f3w zamykaj\u0105cych w Telewizji Polskiej obchody 25-lecia powstania NSZZ &#8222;Solidarno\u015b\u0107&#8221;.<\/p>\n","protected":false},"excerpt":{"rendered":"W \u015brod\u0119, 23 listopada, po ponad 15 latach od pami\u0119tnych wydarze\u0144 1989 roku, na zaproszenie prezesa Jana Dworaka, w Telewizji Polskiej stawili si\u0119 dziennikarze, realizatorzy i bohaterowie legendarnego &#8222;Studia Solidarno\u015b\u0107&#8221;.","protected":false},"author":1,"featured_media":0,"comment_status":"open","ping_status":"closed","sticky":false,"template":"","format":"standard","meta":{"csco_display_header_overlay":false,"csco_singular_sidebar":"","csco_page_header_type":"","csco_page_load_nextpost":"","csco_post_video_location":[],"csco_post_video_location_hash":"","csco_post_video_url":"","csco_post_video_bg_start_time":0,"csco_post_video_bg_end_time":0,"footnotes":""},"categories":[9670],"tags":[],"class_list":{"0":"post-84716","1":"post","2":"type-post","3":"status-publish","4":"format-standard","6":"category-tv","7":"cs-entry","8":"cs-video-wrap"},"_links":{"self":[{"href":"https:\/\/mediarun.com\/pl\/wp-json\/wp\/v2\/posts\/84716","targetHints":{"allow":["GET"]}}],"collection":[{"href":"https:\/\/mediarun.com\/pl\/wp-json\/wp\/v2\/posts"}],"about":[{"href":"https:\/\/mediarun.com\/pl\/wp-json\/wp\/v2\/types\/post"}],"author":[{"embeddable":true,"href":"https:\/\/mediarun.com\/pl\/wp-json\/wp\/v2\/users\/1"}],"replies":[{"embeddable":true,"href":"https:\/\/mediarun.com\/pl\/wp-json\/wp\/v2\/comments?post=84716"}],"version-history":[{"count":0,"href":"https:\/\/mediarun.com\/pl\/wp-json\/wp\/v2\/posts\/84716\/revisions"}],"wp:attachment":[{"href":"https:\/\/mediarun.com\/pl\/wp-json\/wp\/v2\/media?parent=84716"}],"wp:term":[{"taxonomy":"category","embeddable":true,"href":"https:\/\/mediarun.com\/pl\/wp-json\/wp\/v2\/categories?post=84716"},{"taxonomy":"post_tag","embeddable":true,"href":"https:\/\/mediarun.com\/pl\/wp-json\/wp\/v2\/tags?post=84716"}],"curies":[{"name":"wp","href":"https:\/\/api.w.org\/{rel}","templated":true}]}}