{"id":84713,"date":"2005-11-25T13:06:32","date_gmt":"2005-11-25T12:06:32","guid":{"rendered":"https:\/\/mediarun.com\/index.php\/news-posts\/ograniczenia-dla-dziennikarzy\/"},"modified":"2005-11-25T13:06:32","modified_gmt":"2005-11-25T12:06:32","slug":"ograniczenia-dla-dziennikarzy","status":"publish","type":"post","link":"https:\/\/mediarun.com\/pl\/media\/prasa\/ograniczenia-dla-dziennikarzy.html","title":{"rendered":"Ograniczenia dla dziennikarzy?"},"content":{"rendered":"<p>&#8222;Wniosek o wprowadzenie takiego ograniczenia zosta\u0142 postawiony podczas posiedzenia Konwentu Senior\u00f3w. Zdaniem marsza\u0142ka Sejmu Marka Jurka nale\u017cy uszanowa\u0107 spok\u00f3j i prywatno-wypoczynkowy charakter hotelu sejmowego, gdzie po pracy mieszkaj\u0105 pos\u0142owie spoza Warszawy. Zapowiedzia\u0142, \u017ce Kancelaria Sejmu b\u0119dzie rozmawia\u0107 z redakcjami na temat zakresu sejmowej akredytacji.&#8221; &#8211; pisze dzienik.<\/p>\n","protected":false},"excerpt":{"rendered":"&#8222;Czy dla dziennikarzy zostan\u0105 wprowadzone ograniczenia w poruszaniu si\u0119 po Sejmie? Lider LPR Roman Giertych chce, by zakaz pracy medi\u00f3w obowi\u0105zywa\u0142 w hotelu sejmowym. Dotyczy\u0142by on robienia zdj\u0119\u0107 i filmowania pos\u0142\u00f3w.&#8221; &#8211; zastanawia si\u0119 Rzeczpospolita.","protected":false},"author":1,"featured_media":84714,"comment_status":"open","ping_status":"closed","sticky":false,"template":"","format":"standard","meta":{"csco_display_header_overlay":false,"csco_singular_sidebar":"","csco_page_header_type":"","csco_page_load_nextpost":"","csco_post_video_location":[],"csco_post_video_location_hash":"","csco_post_video_url":"","csco_post_video_bg_start_time":0,"csco_post_video_bg_end_time":0,"footnotes":""},"categories":[9673],"tags":[],"class_list":{"0":"post-84713","1":"post","2":"type-post","3":"status-publish","4":"format-standard","5":"has-post-thumbnail","7":"category-prasa","8":"cs-entry","9":"cs-video-wrap"},"_links":{"self":[{"href":"https:\/\/mediarun.com\/pl\/wp-json\/wp\/v2\/posts\/84713","targetHints":{"allow":["GET"]}}],"collection":[{"href":"https:\/\/mediarun.com\/pl\/wp-json\/wp\/v2\/posts"}],"about":[{"href":"https:\/\/mediarun.com\/pl\/wp-json\/wp\/v2\/types\/post"}],"author":[{"embeddable":true,"href":"https:\/\/mediarun.com\/pl\/wp-json\/wp\/v2\/users\/1"}],"replies":[{"embeddable":true,"href":"https:\/\/mediarun.com\/pl\/wp-json\/wp\/v2\/comments?post=84713"}],"version-history":[{"count":0,"href":"https:\/\/mediarun.com\/pl\/wp-json\/wp\/v2\/posts\/84713\/revisions"}],"wp:featuredmedia":[{"embeddable":true,"href":"https:\/\/mediarun.com\/pl\/wp-json\/wp\/v2\/media\/84714"}],"wp:attachment":[{"href":"https:\/\/mediarun.com\/pl\/wp-json\/wp\/v2\/media?parent=84713"}],"wp:term":[{"taxonomy":"category","embeddable":true,"href":"https:\/\/mediarun.com\/pl\/wp-json\/wp\/v2\/categories?post=84713"},{"taxonomy":"post_tag","embeddable":true,"href":"https:\/\/mediarun.com\/pl\/wp-json\/wp\/v2\/tags?post=84713"}],"curies":[{"name":"wp","href":"https:\/\/api.w.org\/{rel}","templated":true}]}}