{"id":84709,"date":"2005-11-25T17:46:55","date_gmt":"2005-11-25T16:46:55","guid":{"rendered":"https:\/\/mediarun.com\/index.php\/news-posts\/kariera-filmu-solidarnoscsolidarnosc\/"},"modified":"2005-11-25T17:46:55","modified_gmt":"2005-11-25T16:46:55","slug":"kariera-filmu-solidarnoscsolidarnosc","status":"publish","type":"post","link":"https:\/\/mediarun.com\/pl\/media\/tv\/kariera-filmu-solidarnoscsolidarnosc.html","title":{"rendered":"Kariera filmu SOLIDARNO\u015a\u0106,SOLIDARNO\u015a\u0106"},"content":{"rendered":"<p>Po listopadowych pokazach specjalnych w programach Mi\u0119dzynarodowego Festiwalu Filmowego w Cottbus [8-12.11] i Mi\u0119dzynarodowego Festiwalu Filmowego w Denver [10-20.11], film zaprezentowany zostanie niebawem na Mi\u0119dzynarodowym Festiwalu Filmowym w Antwerpii [28.11-9.12] oraz Mi\u0119dzynarodowym Festiwalu Filmowym Alpe Adria Cinema w Trie\u015bcie [19-26.01]. <\/p>\n<p>Aktualnie trwaj\u0105 rozmowy z kolejnymi zainteresowanymi imprezami: Mi\u0119dzynarodowym Festiwalem Program\u00f3w Audiowizualnych FIPA w Biarritz oraz festiwalami w Bradford, Cleveland i Sarajewie. <\/p>\n<p>Film &#8222;Solidarno\u015b\u0107, Solidarno\u015b\u0107&#8230;&#8221;, kt\u00f3rego pomys\u0142odawc\u0105 jest Andrzej Wajda, jest wsp\u00f3lnym dzie\u0142em trzynastu polskich re\u017cyser\u00f3w, upami\u0119tniaj\u0105cym wydarzenia sierpniowe z 1980 roku. Celem wszystkich film\u00f3w kr\u00f3tkometra\u017cowych, sk\u0142adaj\u0105cych si\u0119 na t\u0119 szczeg\u00f3ln\u0105 produkcj\u0119, jest ukazanie fenomenu &#8222;Solidarno\u015bci&#8221; &#8211; zjawiska, kt\u00f3re potrafi\u0142o pokona\u0107 wszelkie podzia\u0142y spo\u0142eczne i zjednoczy\u0107 Polak\u00f3w w spos\u00f3b ju\u017c dzi\u015b niepowtarzalny. <\/p>\n<p>Film wsp\u00f3\u0142produkowany przez Apple Film Production i Akson Studio zosta\u0142 wyre\u017cyserowany przez Andrzeja Wajd\u0119, Krzysztofa Zanussiego, Jana Jakuba Kolskiego, Ryszarda Bugajskiego, Feliksa Falka, Filipa Bajona, Juliusza Machulskiego, Jerzego Domaradzkiego, Piotra Trzaskalskiego, Ma\u0142gorzat\u0119 Szumowsk\u0105, Roberta Gli\u0144skiego, Jacka Bromskiego i Andrzeja Jakimowskiego. <\/p>\n<p>Te 13 kr\u00f3tkich film\u00f3w, \u0142\u0105cz\u0105cych si\u0119 w prawie dwugodzinny film, tworzy pe\u0142en przekr\u00f3j: od formy wideoklipowej, poprzez komedi\u0119, do patetycznego i wznios\u0142ego wywiadu z przewodnicz\u0105cym Wa\u0142\u0119s\u0105, nawi\u0105zuj\u0105cym do s\u0142ynnych film\u00f3w Andrzeja Wajdy &#8222;Cz\u0142owiek z&#8230;&#8221;.<\/p>\n","protected":false},"excerpt":{"rendered":"Nowelowy film SOLIDARNO\u015a\u0106, SOLIDARNO\u015a\u0106.. wyre\u017cyserowany przez trzynastu polskich re\u017cyser\u00f3w dla upami\u0119tnienia 25-lecia Solidarno\u015bci, wyprodukowany przez TVP S.A., wzbudza coraz wi\u0119ksze zainteresowanie organizator\u00f3w mi\u0119dzynarodowych festiwali filmowych.","protected":false},"author":1,"featured_media":0,"comment_status":"open","ping_status":"closed","sticky":false,"template":"","format":"standard","meta":{"csco_display_header_overlay":false,"csco_singular_sidebar":"","csco_page_header_type":"","csco_page_load_nextpost":"","csco_post_video_location":[],"csco_post_video_location_hash":"","csco_post_video_url":"","csco_post_video_bg_start_time":0,"csco_post_video_bg_end_time":0,"footnotes":""},"categories":[9670],"tags":[],"class_list":{"0":"post-84709","1":"post","2":"type-post","3":"status-publish","4":"format-standard","6":"category-tv","7":"cs-entry","8":"cs-video-wrap"},"_links":{"self":[{"href":"https:\/\/mediarun.com\/pl\/wp-json\/wp\/v2\/posts\/84709","targetHints":{"allow":["GET"]}}],"collection":[{"href":"https:\/\/mediarun.com\/pl\/wp-json\/wp\/v2\/posts"}],"about":[{"href":"https:\/\/mediarun.com\/pl\/wp-json\/wp\/v2\/types\/post"}],"author":[{"embeddable":true,"href":"https:\/\/mediarun.com\/pl\/wp-json\/wp\/v2\/users\/1"}],"replies":[{"embeddable":true,"href":"https:\/\/mediarun.com\/pl\/wp-json\/wp\/v2\/comments?post=84709"}],"version-history":[{"count":0,"href":"https:\/\/mediarun.com\/pl\/wp-json\/wp\/v2\/posts\/84709\/revisions"}],"wp:attachment":[{"href":"https:\/\/mediarun.com\/pl\/wp-json\/wp\/v2\/media?parent=84709"}],"wp:term":[{"taxonomy":"category","embeddable":true,"href":"https:\/\/mediarun.com\/pl\/wp-json\/wp\/v2\/categories?post=84709"},{"taxonomy":"post_tag","embeddable":true,"href":"https:\/\/mediarun.com\/pl\/wp-json\/wp\/v2\/tags?post=84709"}],"curies":[{"name":"wp","href":"https:\/\/api.w.org\/{rel}","templated":true}]}}