{"id":84705,"date":"2005-11-26T11:54:49","date_gmt":"2005-11-26T10:54:49","guid":{"rendered":"https:\/\/mediarun.com\/index.php\/news-posts\/czas-na-zmiany-w-mediach\/"},"modified":"2005-11-26T11:54:49","modified_gmt":"2005-11-26T10:54:49","slug":"czas-na-zmiany-w-mediach","status":"publish","type":"post","link":"https:\/\/mediarun.com\/pl\/media\/tv\/czas-na-zmiany-w-mediach.html","title":{"rendered":"Czas na zmiany w mediach?"},"content":{"rendered":"<p>Politycy PiS zapewnili, \u017ce m\u00f3wienie o ch\u0119ci >zaw\u0142aszczenia medi\u00f3w< jest grubo przesadzone, ale sytuacja w mediach publicznych musi si\u0119 poprawi\u0107.\" - pisze Nasz Dziennik.\n\n\"PO krytykuje pomys\u0142y PiS, ale swojego projektu przedstawia\u0107 nie zamierza. Propozycj\u0119 PiS nazywa >skokiem na media<. Zapowiada, \u017ce nie poprze zaproponowanych rozwi\u0105za\u0144.\"\n\n\"Przez szereg lat w Polsce toczy\u0142a si\u0119 batalia o kszta\u0142t publicznych medi\u00f3w. Zdecydowanie wygrywa\u0142a j\u0105 szeroko rozumiana lewica, g\u0142\u00f3wnie postkomunistyczna, wspierana przez Uni\u0119 Wolno\u015bci. Korzystny uk\u0142ad polityczny sprawi\u0142, \u017ce taki stan rzeczy utrzymywa\u0142 si\u0119 bardzo d\u0142ugo. W tej chwili TVP znacznie r\u00f3\u017cni si\u0119 od tej z czas\u00f3w Roberta Kwiatkowskiego, gdy powszechnie okre\u015blano j\u0105 mianem \"bia\u0142oruskiej\". Dzi\u015b zdecydowanie sprzyja Platformie Obywatelskiej i daleko jej do wype\u0142nienia standard\u00f3w obiektywno\u015bci, co powinno by\u0107 oczywiste w przypadku nadawcy publicznego.\" - czytamy w Naszym Dzienniku.\n\n\"Niemal ikon\u0105 telewizji publicznej czas\u00f3w Kwiatkowskiego, bliskiego znajomego Aleksandra Kwa\u015bniewskiego, sta\u0142 si\u0119 wywiad Piotra Gembarowskiego z kandydatem na prezydenta Marianem Krzaklewskim z 2000 r. Telewizj\u0119 spod rz\u0105d\u00f3w obecnego prezesa Jana Dworaka powszechnie opisuje si\u0119 przyk\u0142adem z pierwszej debaty prezydenckiej mi\u0119dzy Donaldem Tuskiem a Lechem Kaczy\u0144skim, gdy czasu na >niewygodne pytania< starczy\u0142o tylko dla tego drugiego. Z rozm\u00f3w z dziennikarzami TVP wynika, \u017ce Maciej Grzywaczewski - kolega Tuska z Pomorza - tylko po to zdj\u0105\u0142 z anteny TVP1 cykl reporta\u017cy o kandydatach, by ekipa nie przygotowa\u0142a tego o liderze PO. W materiale mia\u0142a si\u0119 znale\u017a\u0107 informacja o s\u0142u\u017cbie dziadka Tuska w Wehrmachcie, a by\u0142o to jeszcze na d\u0142ugo przed wywiadem Jacka Kurskiego, po kt\u00f3rym sztab Platformy rozp\u0119ta\u0142 medialn\u0105 burz\u0119 o brudnej kampanii.\" - informuje Nasz Dziennik.\n\n\"Chcemy mie\u0107 rzeczywi\u015bcie bardzo silny wp\u0142yw na media publiczne\" - te s\u0142owa pos\u0142a Prawa i Sprawiedliwo\u015bci Tomasza Markowskiego wywo\u0142a\u0142y burz\u0119. Czy dlatego, \u017ce zasad\u0105 politycznego savoir-vivre'u jest nie m\u00f3wi\u0107 wprost o tym, co ka\u017cdy my\u015bli? Ani SLD, ani Unia Wolno\u015bci czy teraz Platforma Obywatelska nie m\u00f3wi\u0105 o wp\u0142ywie na media publiczne. Pewnie dlatego, \u017ce o nim si\u0119 m\u00f3wi tylko w\u00f3wczas, gdy si\u0119 go nie ma lub w\u0142a\u015bnie traci. Wi\u0119c SLD zacz\u0105\u0142 protestowa\u0107 dopiero po wy\u0142onieniu w trybie konkursu (cho\u0107 dziwnego ze wzgl\u0119du na fakt, \u017ce zwyci\u0119zcy nie by\u0142o w tr\u00f3jce kandydat\u00f3w, z kt\u00f3rej prezes mia\u0142 zosta\u0107 wy\u0142oniony) nowego szefa TVP, a potem gdy przez Rad\u0119 Nadzorcz\u0105 TVP zosta\u0142 zawieszony wiceprezes Ryszard Pac\u0142awski. PO protestowa\u0142a przed wyborem Dworaka i larum zaczyna podnosi\u0107 dzisiaj, gdy PiS zapowiada zmiany. Te maj\u0105 dotyczy\u0107 g\u0142\u00f3wnie Krajowej Rady Radiofonii i Telewizji.\" - pisze Nasz Dziennik.\n\n\"Markowski wycofuje si\u0119 dzi\u015b ze swoich s\u0142\u00f3w. M\u00f3wi, \u017ce da\u0142 si\u0119 ponie\u015b\u0107 emocjom w dyskusji. Ale opozycja uwa\u017ca, \u017ce wcale tak nie by\u0142o. Poniewa\u017c PiS wci\u0105\u017c zak\u0142ada, \u017ce w ci\u0105gu najbli\u017cszych 2-3 lat uda si\u0119 zmieni\u0107 Konstytucj\u0119, docelowo planuje w og\u00f3le likwidacj\u0119 Rady oraz Urz\u0119du Regulacji Telekomunikacji i Poczty. W miejsce tych instytucji ma powsta\u0107 okrojony administracyjnie Urz\u0105d Komunikacji Elektronicznej (UKE). Pierwszym krokiem b\u0119dzie wi\u0119c ograniczenie liczby cz\u0142onk\u00f3w i kompetencji KRRiT.\"\n\n\"Wzorem ma by\u0107 brytyjski OFCOM (Office of Communications), kt\u00f3ry powsta\u0142 w wyniku zintegrowania pi\u0119ciu urz\u0119d\u00f3w o zbli\u017conych kompetencjach w ci\u0105gu trzech lat. Proponowane przez PiS zmiany s\u0105 zgodne z prawem unijnym.\" - informuje dziennik.\n\n\"Wiele m\u00f3wi\u0142o si\u0119 o pomy\u015ble wprowadzenia modelu w\u0142oskiego w polskich mediach. Polega on na tym, \u017ce jeden program TVP >dostaje< rz\u0105d, drugi - opozycja. Trudno sobie wyobrazi\u0107 takie rozwi\u0105zanie w polskiej rzeczywisto\u015bci, chocia\u017cby dlatego, \u017ce opozycja jest bardzo zr\u00f3\u017cnicowana.\"\n\n\"- Postulat braci Kaczy\u0144skich wynika z pewnego zniecierpliwienia, \u017ce nie mo\u017cemy si\u0119 doczeka\u0107 tego idea\u0142u, kt\u00f3ry nawet jest opisany w ustawie o radiofonii i telewizji - m\u00f3wi Sellin. Dodaje, \u017ce sam jest przeciwko takiemu rozwi\u0105zaniu, chocia\u017cby dlatego, \u017ce anteny natychmiast trac\u0105 na warto\u015bci, gdy telewidz wie, \u017ce s\u0105 one bardziej propagandowe ni\u017c informacyjne. Niestety, fakty s\u0105 takie, \u017ce i tak wiele razy TVP jest bardziej tub\u0105 propagandow\u0105 ni\u017c instytucj\u0105 wprowadzaj\u0105c\u0105 standardy rzetelnej informacji.\"\n\n\"Rzecznik PiS Adam Bielan wyja\u015bnia, \u017ce PiS chce w\u0142a\u015bnie odpartyjni\u0107 media publiczne. - Nawet pani przewodnicz\u0105ca Krajowej Rady, kt\u00f3rej przecie\u017c daleko do PiS, twierdzi\u0142a, \u017ce media nie zachowa\u0142y si\u0119 obiektywnie, szczeg\u00f3lnie w starciu Lecha Kaczy\u0144skiego z Donaldem Tuskiem, i preferowa\u0142y tego ostatniego - t\u0142umaczy. - Oczywi\u015bcie, do\u015bwiadczenia ostatnich szesnastu lat pokazuj\u0105, \u017ce bardzo trudno stworzy\u0107 tak\u0105 konstrukcj\u0119, kt\u00f3ra zapewnia\u0142aby pe\u0142ny obiektywizm medi\u00f3w publicznych, ale to nie oznacza, \u017ce nie powinni\u015bmy do tego d\u0105\u017cy\u0107.\"- informuje Nasz Dziennik.\n<\/p>\n","protected":false},"excerpt":{"rendered":"Pierwsze czytanie projektu nowelizacji ustawy o radiofonii i telewizji autorstwa PiS zaplanowano na najbli\u017csze posiedzenie Sejmu. Koordynatorzy prac nad projektem nowelizacji ustawy o radiofonii i telewizji, rozmawiali o nim w czwartek wieczorem.","protected":false},"author":1,"featured_media":0,"comment_status":"open","ping_status":"closed","sticky":false,"template":"","format":"standard","meta":{"csco_display_header_overlay":false,"csco_singular_sidebar":"","csco_page_header_type":"","csco_page_load_nextpost":"","csco_post_video_location":[],"csco_post_video_location_hash":"","csco_post_video_url":"","csco_post_video_bg_start_time":0,"csco_post_video_bg_end_time":0,"footnotes":""},"categories":[9670],"tags":[],"class_list":{"0":"post-84705","1":"post","2":"type-post","3":"status-publish","4":"format-standard","6":"category-tv","7":"cs-entry","8":"cs-video-wrap"},"_links":{"self":[{"href":"https:\/\/mediarun.com\/pl\/wp-json\/wp\/v2\/posts\/84705","targetHints":{"allow":["GET"]}}],"collection":[{"href":"https:\/\/mediarun.com\/pl\/wp-json\/wp\/v2\/posts"}],"about":[{"href":"https:\/\/mediarun.com\/pl\/wp-json\/wp\/v2\/types\/post"}],"author":[{"embeddable":true,"href":"https:\/\/mediarun.com\/pl\/wp-json\/wp\/v2\/users\/1"}],"replies":[{"embeddable":true,"href":"https:\/\/mediarun.com\/pl\/wp-json\/wp\/v2\/comments?post=84705"}],"version-history":[{"count":0,"href":"https:\/\/mediarun.com\/pl\/wp-json\/wp\/v2\/posts\/84705\/revisions"}],"wp:attachment":[{"href":"https:\/\/mediarun.com\/pl\/wp-json\/wp\/v2\/media?parent=84705"}],"wp:term":[{"taxonomy":"category","embeddable":true,"href":"https:\/\/mediarun.com\/pl\/wp-json\/wp\/v2\/categories?post=84705"},{"taxonomy":"post_tag","embeddable":true,"href":"https:\/\/mediarun.com\/pl\/wp-json\/wp\/v2\/tags?post=84705"}],"curies":[{"name":"wp","href":"https:\/\/api.w.org\/{rel}","templated":true}]}}