{"id":84693,"date":"2005-11-27T11:18:43","date_gmt":"2005-11-27T10:18:43","guid":{"rendered":"https:\/\/mediarun.com\/index.php\/news-posts\/promedis-nowa-placowka-we-wroclawiu\/"},"modified":"2005-11-27T11:18:43","modified_gmt":"2005-11-27T10:18:43","slug":"promedis-nowa-placowka-we-wroclawiu","status":"publish","type":"post","link":"https:\/\/mediarun.com\/pl\/trendy\/branding\/promedis-nowa-placowka-we-wroclawiu.html","title":{"rendered":"PROMEDIS &#8211; nowa plac\u00f3wka we Wroc\u0142awiu"},"content":{"rendered":"<p>Plac\u00f3wka oferuje szeroki zakres us\u0142ug opieki medycznej mi\u0119dzy innymi takich specjalist\u00f3w jak: internista, ginekolog, okulista, laryngolog, stomatolog, dermatolog, chirurg, neurolog.<\/p>\n<p>Rezerwacja termin\u00f3w wizyt i bada\u0144 odbywa si\u0119 pod nr telefonu 071 34 19 664 lub 071 34 19 666.<\/p>\n<p>&#8222;Nowa plac\u00f3wka we Wroc\u0142awiu przy ul. O\u0142awskiej 27-29 jest czynna w godzinach 7.30 &#8211; 20.00. Umo\u017cliwia to klientom korzystanie z us\u0142ug medycznych w dogodnych dla nich godzinach. Nasza oferta skierowana jest do dolno\u015bl\u0105skich firm i ich pracownik\u00f3w oraz do os\u00f3b indywidualnych, zainteresowanych wysok\u0105 jako\u015bci\u0105 opieki medycznej za przyst\u0119pn\u0105 cen\u0119 &#8221; &#8211; m\u00f3wi Krystyna Wachulec, Dyrektor Regionu Wroc\u0142aw PROMEDIS<\/p>\n<p>Prywatne Centra Medyczne PROMEDIS nale\u017c\u0105 do sp\u00f3\u0142ki MEDAR Sp. z o.o., jednej z dynamiczniej rozwijaj\u0105cych si\u0119 firm na rynku prywatnych us\u0142ug medycznych. Obecnie MEDAR w ca\u0142ej Polsce obs\u0142uguje ponad 37 tysi\u0119cy os\u00f3b z kilkuset firm. MEDAR natomiast jest cz\u0119\u015bci\u0105 notowanej na GPW Grupy Kapita\u0142owej IMPEL S.A. &#8211; najwi\u0119kszej polskiej firmy outsourcingowej. <\/p>\n","protected":false},"excerpt":{"rendered":"W czwartek 1 grudnia 2005 roku, w centrum miasta przy ulicy O\u0142awskiej 27-29, na IV pi\u0119trze dawnego Domu Handlowego &#8222;\u0141ada&#8221;, zostanie otwarte nowe centrum medyczne PROMEDIS. Prywatne Centra Medyczne PROMEDIS, jako jedyna og\u00f3lnopolska firma,  posiadaj\u0105 trzy lokalizacje we Wroc\u0142awiu, co umo\u017cliwia naszym klientom \u0142atwy i szybki dost\u0119p do opieki medycznej.","protected":false},"author":1,"featured_media":0,"comment_status":"open","ping_status":"closed","sticky":false,"template":"","format":"standard","meta":{"csco_display_header_overlay":false,"csco_singular_sidebar":"","csco_page_header_type":"","csco_page_load_nextpost":"","csco_post_video_location":[],"csco_post_video_location_hash":"","csco_post_video_url":"","csco_post_video_bg_start_time":0,"csco_post_video_bg_end_time":0,"footnotes":""},"categories":[9658],"tags":[],"class_list":{"0":"post-84693","1":"post","2":"type-post","3":"status-publish","4":"format-standard","6":"category-branding","7":"cs-entry","8":"cs-video-wrap"},"_links":{"self":[{"href":"https:\/\/mediarun.com\/pl\/wp-json\/wp\/v2\/posts\/84693","targetHints":{"allow":["GET"]}}],"collection":[{"href":"https:\/\/mediarun.com\/pl\/wp-json\/wp\/v2\/posts"}],"about":[{"href":"https:\/\/mediarun.com\/pl\/wp-json\/wp\/v2\/types\/post"}],"author":[{"embeddable":true,"href":"https:\/\/mediarun.com\/pl\/wp-json\/wp\/v2\/users\/1"}],"replies":[{"embeddable":true,"href":"https:\/\/mediarun.com\/pl\/wp-json\/wp\/v2\/comments?post=84693"}],"version-history":[{"count":0,"href":"https:\/\/mediarun.com\/pl\/wp-json\/wp\/v2\/posts\/84693\/revisions"}],"wp:attachment":[{"href":"https:\/\/mediarun.com\/pl\/wp-json\/wp\/v2\/media?parent=84693"}],"wp:term":[{"taxonomy":"category","embeddable":true,"href":"https:\/\/mediarun.com\/pl\/wp-json\/wp\/v2\/categories?post=84693"},{"taxonomy":"post_tag","embeddable":true,"href":"https:\/\/mediarun.com\/pl\/wp-json\/wp\/v2\/tags?post=84693"}],"curies":[{"name":"wp","href":"https:\/\/api.w.org\/{rel}","templated":true}]}}