{"id":84689,"date":"2005-11-27T11:20:31","date_gmt":"2005-11-27T10:20:31","guid":{"rendered":"https:\/\/mediarun.com\/index.php\/news-posts\/nagroda-dla-canal-cyfrowy\/"},"modified":"2005-11-27T11:20:31","modified_gmt":"2005-11-27T10:20:31","slug":"nagroda-dla-canal-cyfrowy","status":"publish","type":"post","link":"https:\/\/mediarun.com\/pl\/media\/tv\/nagroda-dla-canal-cyfrowy.html","title":{"rendered":"Nagroda dla Canal+ Cyfrowy"},"content":{"rendered":"<p>Jury przyzna\u0142o sp\u00f3\u0142ce r\u00f3wnie\u017c wyr\u00f3\u017cnienie w kategorii &#8222;Event&#8221; za realizacj\u0119 projektu obchod\u00f3w 10-lecia Canal+. Nagrody wr\u0119czono 24 listopada w Warszawie podczas kongresu &#8222;PR Forum&#8221;.<\/p>\n<p>&#8222;Inicjatywa &#8211; Reklama dla dzieci&#8221; to projekt, w wyniku, kt\u00f3rego Canal+ Cyfrowy jako pierwszy polski nadawca TV wdro\u017cy\u0142 &#8222;Kart\u0119 zasad przyjmowania do emisji reklam adresowanych do dzieci&#8221; opracowan\u0105 we wsp\u00f3\u0142pracy z grup\u0105 specjalist\u00f3w w dziedzinach: praw dziecka, psychologii spo\u0142ecznej i prawa telewizyjnego, pedagog\u00f3w, reklamodawc\u00f3w i tw\u00f3rc\u00f3w reklam. Wypracowane standardy sp\u00f3\u0142ka wdro\u017cy\u0142a jako autoregulacj\u0119 dla kana\u0142u MiniMini, adresowanego do dzieci poni\u017cej 7. roku \u017cycia.<\/p>\n<p>Drugi projekt, obchody 10-lecia Canal+, realizowany by\u0142 wieloetapowo. W ramach cyklu dzia\u0142a\u0144 promocyjnych zorganizowano m.in. konkursy i akcje specjalne dla abonent\u00f3w, przeprowadzono w centrum Warszawy &#8222;akcj\u0119 fotelow\u0105&#8221; typu ambient-media pod has\u0142em &#8222;Usi\u0105d\u017a wygodnie i w\u0142\u0105cz si\u0119&#8221;, kulminacj\u0105 obchod\u00f3w by\u0142a za\u015b wielka impreza urodzinowa dla abonent\u00f3w i partner\u00f3w stacji na 10000 os\u00f3b m.in. z udzia\u0142em brytyjskiej formacji Faithless oraz Kayah.<\/p>\n<p>Nagrodzone projekty zesp\u00f3\u0142 Canal+ Cyfrowy realizowa\u0142 przy wsparciu agencji Pi-aR+, Alert Media Communications oraz zespo\u0142u eventowego Szymona Walkiewicza.<\/p>\n<p>W bie\u017c\u0105cym roku sp\u00f3\u0142ka Canal+ Cyfrowy zdoby\u0142a r\u00f3wnie\u017c nominacj\u0119 do konkursu Inwestor Roku organizowanego przez wydawnictwo Grupa Media Partner oraz dwie nominacje do fina\u0142u Arts&#038;Business Awards &#8211; konkursu organizowanego przez Fundacj\u0119 Commitment to Europe arts&#038;business. Dziennikarz Canal+ Tomasz Smokowski zosta\u0142 za\u015b uhonorowany statuetk\u0105 Demes, zdobywaj\u0105c tytu\u0142 &#8222;Osobowo\u015b\u0107 Medi\u00f3w 2005&#8221; podczas uroczystej gali w ramach IV Og\u00f3lnopolskiej Konferencji Naukowej &#8222;Dni Marketingu Sportowego&#8221;, organizowanej przez Sport &#038; Business Foundation. <\/p>\n","protected":false},"excerpt":{"rendered":"&#8222;Inicjatywa &#8211; Reklama dla dzieci&#8221; sp\u00f3\u0142ki Canal+ Cyfrowy zdoby\u0142a g\u0142\u00f3wn\u0105 nagrod\u0119 w kategorii Corporate Social Responsibility (spo\u0142eczna odpowiedzialno\u015b\u0107 w biznesie) w konkursie &#8222;Z\u0142ote Spinacze 2005&#8221; organizowanym przez Zwi\u0105zek Firm Public Relations.","protected":false},"author":1,"featured_media":84690,"comment_status":"open","ping_status":"closed","sticky":false,"template":"","format":"standard","meta":{"csco_display_header_overlay":false,"csco_singular_sidebar":"","csco_page_header_type":"","csco_page_load_nextpost":"","csco_post_video_location":[],"csco_post_video_location_hash":"","csco_post_video_url":"","csco_post_video_bg_start_time":0,"csco_post_video_bg_end_time":0,"footnotes":""},"categories":[9670],"tags":[],"class_list":{"0":"post-84689","1":"post","2":"type-post","3":"status-publish","4":"format-standard","5":"has-post-thumbnail","7":"category-tv","8":"cs-entry","9":"cs-video-wrap"},"_links":{"self":[{"href":"https:\/\/mediarun.com\/pl\/wp-json\/wp\/v2\/posts\/84689","targetHints":{"allow":["GET"]}}],"collection":[{"href":"https:\/\/mediarun.com\/pl\/wp-json\/wp\/v2\/posts"}],"about":[{"href":"https:\/\/mediarun.com\/pl\/wp-json\/wp\/v2\/types\/post"}],"author":[{"embeddable":true,"href":"https:\/\/mediarun.com\/pl\/wp-json\/wp\/v2\/users\/1"}],"replies":[{"embeddable":true,"href":"https:\/\/mediarun.com\/pl\/wp-json\/wp\/v2\/comments?post=84689"}],"version-history":[{"count":0,"href":"https:\/\/mediarun.com\/pl\/wp-json\/wp\/v2\/posts\/84689\/revisions"}],"wp:featuredmedia":[{"embeddable":true,"href":"https:\/\/mediarun.com\/pl\/wp-json\/wp\/v2\/media\/84690"}],"wp:attachment":[{"href":"https:\/\/mediarun.com\/pl\/wp-json\/wp\/v2\/media?parent=84689"}],"wp:term":[{"taxonomy":"category","embeddable":true,"href":"https:\/\/mediarun.com\/pl\/wp-json\/wp\/v2\/categories?post=84689"},{"taxonomy":"post_tag","embeddable":true,"href":"https:\/\/mediarun.com\/pl\/wp-json\/wp\/v2\/tags?post=84689"}],"curies":[{"name":"wp","href":"https:\/\/api.w.org\/{rel}","templated":true}]}}