{"id":84687,"date":"2005-11-27T11:21:30","date_gmt":"2005-11-27T10:21:30","guid":{"rendered":"https:\/\/mediarun.com\/index.php\/news-posts\/rozrywka-na-swieta-w-dwojce\/"},"modified":"2005-11-27T11:21:30","modified_gmt":"2005-11-27T10:21:30","slug":"rozrywka-na-swieta-w-dwojce","status":"publish","type":"post","link":"https:\/\/mediarun.com\/pl\/media\/tv\/rozrywka-na-swieta-w-dwojce.html","title":{"rendered":"Rozrywka na \u015awi\u0119ta w Dw\u00f3jce"},"content":{"rendered":"<p>Z okazji \u015awi\u0105t TVP2 przygotuje dwa wydania specjalne (wigilijne i sylwestrowe) programu prowadzonego przez Wojciecha Manna &#8211; &#8222;Du\u017ce dzieci&#8221;. To program rozrywkowy skierowany zar\u00f3wno do dzieci, jak i doros\u0142ych. Bohaterami programu s\u0105 \u015bmia\u0142e i rezolutne dzieci w wieku ok. 6-10 lat. W ka\u017cdym programie spotykaj\u0105 si\u0119 z dw\u00f3jk\u0105 znanych publicznie os\u00f3b, reprezentuj\u0105cych r\u00f3\u017cne dziedziny \u017cycia np. z piosenkarzem, aktork\u0105, sportowcem, biznesmenem, pisarzem, politykiem. Gwiazdy musz\u0105 odpowiada\u0107 na &#8222;bardzo powa\u017cne&#8221; pytania, a tak\u017ce wykona\u0107 zadanie, kt\u00f3rymi &#8222;wkupi\u0105 si\u0119&#8221; w \u0142aski dzieci.<\/p>\n<p>Tym razem dzieci, bior\u0105ce udzia\u0142 w programie, b\u0119d\u0105 opowiada\u0107 o \u015bwi\u0119tach, prezentach, wigilii, \u015aw. Miko\u0142aju i zwyczajach \u015bwi\u0105tecznych w ich domach. W wydaniu specjalnym programu, realizatorzy zapowiadaj\u0105 moc niespodzianek oraz bardzo zaskakuj\u0105ce prezenty. W programie zostanie wykorzystana tzw. technika 3D, dzi\u0119ki kt\u00f3rej Wojciech Mann b\u0119dzie mia\u0142 niepowtarzaln\u0105 okazj\u0119 porozmawiania z Wojciechem Mannem. Atrakcj\u0105 programu b\u0119dzie wsp\u00f3lne kol\u0119dowanie dzieci i zaproszonych do studia go\u015bci specjalnych.<\/p>\n<p>Wydanie \u015bwi\u0105teczne zostanie wyemitowane w Wigili\u0119 o 17.15. Z kolei odcinek sylwestrowy programu b\u0119dzie przebiega\u0142 pod has\u0142em fiesty i karnawa\u0142u. \u015awi\u0105teczno-sylwestrowa atmosfera udzieli si\u0119 zar\u00f3wno go\u015bciom, jak i widzom, a studio zamieni si\u0119 w jedn\u0105 wielk\u0105 rewi\u0119. Kolorowe stroje, noworoczne \u017cyczenia, ta\u0144ce &#8211; od tanga po hip-hop. Dzieci b\u0119d\u0105 podsumowywa\u0107 \u015bwiat doros\u0142ych, b\u0119d\u0105 tak\u017ce opowiada\u0107 o tym, jak ich rodzice bawi\u0105 si\u0119 w ostatni dzie\u0144 roku. <\/p>\n<p>Kolejn\u0105 propozycj\u0105 Dw\u00f3jki na \u015awi\u0119ta jest znany od lat program rozrywkowy &#8211; &#8222;Europa da si\u0119 lubi\u0107&#8221;. To program, w kt\u00f3rym spotykaj\u0105 si\u0119 m\u0142odzi ludzie z r\u00f3\u017cnych kraj\u00f3w Unii Europejskiej, i w atmosferze wspania\u0142ej zabawy rozmawiaj\u0105 o sprawach istotnych dla ka\u017cdego Europejczyka; o tym, co nas \u0142\u0105czy, a co dzieli, w czym jeste\u015bmy do siebie podobni, a jakie r\u00f3\u017cnice nas fascynuj\u0105. <\/p>\n<p>&#8222;Europa wigilijna&#8221; o godz.20.00 po\u015bwi\u0119cona b\u0119dzie zwyczajom \u015bwi\u0105tecznym w krajach naszych przyjaci\u00f3\u0142 i go\u015bci z kraj\u00f3w europejskich. B\u0119dziemy rozmawia\u0107 o tradycji i obyczajach polskich \u015bwi\u0105t, o pastora\u0142kach i kol\u0119dach, o polskiej go\u015bcinno\u015bci i tradycyjnych potrawach, a przede wszystkim o aspekcie duchowym Bo\u017cego Narodzenia. Go\u015b\u0107mi wigilijnego spotkania b\u0119d\u0105: zesp\u00f3\u0142 Mazowsze, kol\u0119dnicy z Mil\u00f3wki, Arka Noego, zesp\u00f3\u0142 Zakopower, Robert Mak\u0142owicz oraz doskonale znani widzom Dw\u00f3jki: zabawny W\u0142och, Paulo Cozza, urocza Francuzka, Elizabeth Duda, najs\u0142ynniejszy stra\u017cak, Kevin Aiston, Bjoergulf Meyer z Niemiec i przebojowa Irina z Rosji. Go\u015bciem specjalnym &#8222;Europy wigilijnej&#8221; b\u0119dzie biskup Tadeusz Pieronek.<\/p>\n<p>W cyklicznym programie Niny Terentiew, &#8222;Bezludna wyspa&#8221;, goszcz\u0105 osobowo\u015bci \u017cycia publicznego. Poznajemy kulisy \u017cycia gwiazd, kt\u00f3re opowiadaj\u0105 o swoim dzieci\u0144stwie, dojrzewaniu, rodzinie, przyja\u017ani, a tak\u017ce o zawodzie, dzi\u0119ki kt\u00f3remu s\u0105 znane i podziwiane. Ka\u017cdy z bohater\u00f3w ma okazj\u0119 opowiedzie\u0107 o nieznanych szczeg\u00f3\u0142ach ze swojej biografii, uchyli\u0107 drzwi do prywatno\u015bci. W wigilijnym wydaniu 24 grudnia o godz.15.00 go\u015b\u0107mi Niny Terentiew b\u0119d\u0105 nasze &#8221;z\u0142otka&#8221;, czyli polskie siatkarki &#8211; z\u0142ote medalistki ostatnich mistrzostw Europy wraz z trenerem Zbigniewem Niemczykiem. &#8222;Z\u0142otkom&#8221; czas umili zesp\u00f3\u0142 Kombi swoim nie\u015bmiertelnym przebojem &#8222;S\u0142odkiego, mi\u0142ego \u017cycia&#8221;.<\/p>\n<p>&#8222;Tele PRL-e&#8221; to kolejna propozycja Dw\u00f3jki na \u015awi\u0119ta i Nowy Rok. Widowisko rozrywkowe z udzia\u0142em najbardziej znanych i lubianych gwiazd z r\u00f3\u017cnych dziedzin \u017cycia publicznego oraz ich rodzin lub przyjaci\u00f3\u0142 cieszy si\u0119 coraz wi\u0119ksz\u0105 popularno\u015bci\u0105 w\u015br\u00f3d telewidz\u00f3w. Wsp\u00f3lna zabawa ma form\u0119 turnieju, w kt\u00f3rym dwie wielopokoleniowe rodzinne zespo\u0142y przypominaj\u0105 sobie \u017cycie codzienne w PRL.<\/p>\n<p>\u015awi\u0105teczny odcinek zostanie wyemitowany o godz. 17.05 a go\u015b\u0107mi Jerzego Skoczylasa i Leszka Niedzielskiego b\u0119d\u0105: Ewa Da\u0142kowska, Renata Zar\u0119bska, Jan Pietrzak, Ewa Bem, Jan Pospieszalski i Andrzej Piaseczny. W \u015bwi\u0105tecznym odcinku konkurencje b\u0119d\u0105 \u015bci\u015ble zwi\u0105zane ze \u015bwi\u0119tami. B\u0119d\u0105 przepisy na \u015bwi\u0105tecznego karpia i kotlet z kapusty, b\u0119dzie poszukiwanie przepalonych \u017car\u00f3wek w kompletach choinkowych, b\u0119d\u0105 te\u017c prezenty i kol\u0119dy w wykonaniu Ewy Bem i Jana Pospieszalskiego.<\/p>\n<p>W sylwestrowym wydaniu programu o godz.19.05 przypomnimy najhuczniejsze zabawy minionej epoki, czyli dawnych wspomnie\u0144 czar w sylwestrowym wydaniu. Tym razem go\u015b\u0107mi prowadz\u0105cych b\u0119d\u0105: Agnieszka Wosi\u0144ska, Andrzej Nejman, Stefan Friedmann, Magdalena Zawadzka, Marian Opania i Andrzej Strzelecki. Sylwestrowe wydanie &#8222;Tele PRL-e&#8221; to przede wszystkim noworoczne postanowienia, szampan, przypomnienie widzom kultowego or\u0119dzia w wykonaniu Wies\u0142awa Gomu\u0142ki i Edwarda Gierka oraz rozmowa z go\u015bciem specjalnym &#8211; Jerzym Po\u0142omskim, kt\u00f3ry za\u015bpiewa sw\u00f3j wielki przeb\u00f3j, &#8222;Bo z dziewczynami&#8221;.<\/p>\n<p>Niezwykle interesuj\u0105co zapowiada si\u0119 benefis Cezarego Pazury w Teatrze Stu w Krakowie, kt\u00f3ry widzowie Dw\u00f3jki obejrz\u0105 w drugi dzie\u0144 \u015awi\u0105t o godz.19.00 i 21.05. Od lat odbywaj\u0105 si\u0119 one w specyficznej, lekkiej i przyjacielskiej atmosferze pod wodz\u0105 Krzysztofa Jasi\u0144skiego.<\/p>\n<p>W benefisie we\u017amie udzia\u0142 rodzina znanego aktora z \u017con\u0105 Weronik\u0105, c\u00f3rk\u0105 oraz rodzicami i te\u015bciami na czele oraz przyjaciele ze szko\u0142y aktorskiej. Czas umil\u0105 mu ulubione kabarety. Cezary Pazura wyst\u0105pi tak\u017ce w dw\u00f3ch monologach (ze s\u0142ynn\u0105 ju\u017c &#8222;Mamu\u015bk\u0105&#8221;), w dialogu z Paw\u0142em D\u0142u\u017cewskim a tak\u017ce za\u015bpiewa wsp\u00f3lnie z zespo\u0142em De Mono &#8222;Statki na niebie&#8221;. Nie zabraknie anegdot z plan\u00f3w filmowych i wspomnie\u0144 ze szko\u0142y filmowej. <\/p>\n<p>Od dwunastu lat &#8222;Szansa na sukces&#8221; cieszy si\u0119 wielk\u0105 popularno\u015bci\u0105 w\u015br\u00f3d widz\u00f3w, promuj\u0105c m\u0142odych, zdolnych ludzi, kt\u00f3rym umo\u017cliwia publiczny debiut, a przed niekt\u00f3rymi z nich otwiera drog\u0119 do prawdziwej kariery. 26 grudnia o godz. 15.00 w \u015bwi\u0105tecznym wydaniu programu pod has\u0142em &#8222;zimowe piosenki&#8221; \u015bpiewa\u0107 b\u0119d\u0105 szczeg\u00f3lni go\u015bcie &#8211; znani dziennikarze telewizyjni i radiowi m.in. Maciej Kurzajewski, Tomasz Sekielski i Andrzej Morozowski, Odetta Moro i Micha\u0142 Figurski, Dorota Gawryluk i Robert Kozyra.<\/p>\n<p>Kabaret Ani Mru Mru to najja\u015bniej \u015bwiec\u0105ca gwiazda na polskiej scenie kabaretowej. Ma miliony fan\u00f3w, kt\u00f3rzy z niecierpliwo\u015bci\u0105 czekaj\u0105 na to, co nowego zaprezentuj\u0105 panowie W\u00f3jcikowie. Tym razem w \u015bwi\u0105tecznym wydaniu 25 grudnia o godz.21.00 go\u015b\u0107mi programu b\u0119d\u0105 dwa zaprzyja\u017anione kabarety: Moralnego Niepokoju i Formacja Chatelet. B\u0119dzie to rodzaj warsztat\u00f3w kabaretowych dla artyst\u00f3w, a dla widz\u00f3w wspania\u0142a zabawa w \u015bwi\u0105tecznej atmosferze.<\/p>\n<p>Dw\u00f3jka nie zapomni w \u015awi\u0119ta o &#8222;Rodzinnym kol\u0119dowaniu&#8221;. Podczas \u015awi\u0105t Bo\u017cego Narodzenia s\u0142ucha\u0107 b\u0119dziemy kol\u0119d, pastora\u0142ek i piosenek \u015bwi\u0105tecznych. W bajkowej scenerii przypr\u00f3szonej \u015bnie\u017cnymi gwiazdkami za\u015bpiewaj\u0105 znani arty\u015bci. Grzegorz Markowski z c\u00f3rk\u0105 Patrycj\u0105 przypomn\u0105 najpi\u0119kniejsze tradycyjne kol\u0119dy. Wyst\u0105pi te\u017c rodzina Pospieszalskich ze znakomitymi kol\u0119dami w oryginalnych, energetycznych aran\u017cacjach. B\u0119dziemy mogli tak\u017ce us\u0142ysze\u0107 pastora\u0142ki w wykonaniu popularnego artysty i piosenkarza Andrzeja Sikorowskiego z c\u00f3rk\u0105 Maj\u0105.<\/p>\n<p>Z kolei piosenkarz Wojciech G\u0105sowski za\u015bpiewa najwi\u0119ksze \u015bwiatowe przeboje: &#8222;White Christmas&#8221;, &#8222;Jingle bell&#8221;, &#8222;Christmas Song&#8221; i &#8222;Silent night&#8221; w programie &#8222;G\u0105ssowski \u015bwi\u0105tecznie&#8221;.<\/p>\n<p>Jak co roku widzowie Dw\u00f3jki b\u0119d\u0105 mogli sp\u0119dzi\u0107 Sylwestra, bawi\u0105c si\u0119 wraz z artystami i publiczno\u015bci\u0105 na rynku we Wroc\u0142awiu. W tym roku sylwestrowy koncert zorganizowany jest z wielkim rozmachem inscenizacyjnym przy u\u017cyciu nowoczesnej techniki multimedialnej. Swoje najwi\u0119ksze przeboje za\u015bpiewaj\u0105: Krzysztof Krawczyk, Bajm, Kombi, Blue Cafe, Stachursky, Virgin, Reni Jusis, Tercet Egzotyczny i Formacja Cale Sol.<\/p>\n","protected":false},"excerpt":{"rendered":"Telewizyjna Dw\u00f3jka przygotowuje na \u015awi\u0119ta i Nowy Rok kilka interesuj\u0105cych propozycji \u015bwi\u0105tecznych, zar\u00f3wno dla dzieci, jak i dla doros\u0142ych. B\u0119d\u0105 w\u015br\u00f3d nich znane i lubiane programy rozrywkowe, b\u0119d\u0105 ciekawi go\u015bcie, b\u0119dzie \u015bwi\u0105tecznie, domowo i ciep\u0142o.","protected":false},"author":1,"featured_media":84688,"comment_status":"open","ping_status":"closed","sticky":false,"template":"","format":"standard","meta":{"csco_display_header_overlay":false,"csco_singular_sidebar":"","csco_page_header_type":"","csco_page_load_nextpost":"","csco_post_video_location":[],"csco_post_video_location_hash":"","csco_post_video_url":"","csco_post_video_bg_start_time":0,"csco_post_video_bg_end_time":0,"footnotes":""},"categories":[9670],"tags":[],"class_list":{"0":"post-84687","1":"post","2":"type-post","3":"status-publish","4":"format-standard","5":"has-post-thumbnail","7":"category-tv","8":"cs-entry","9":"cs-video-wrap"},"_links":{"self":[{"href":"https:\/\/mediarun.com\/pl\/wp-json\/wp\/v2\/posts\/84687","targetHints":{"allow":["GET"]}}],"collection":[{"href":"https:\/\/mediarun.com\/pl\/wp-json\/wp\/v2\/posts"}],"about":[{"href":"https:\/\/mediarun.com\/pl\/wp-json\/wp\/v2\/types\/post"}],"author":[{"embeddable":true,"href":"https:\/\/mediarun.com\/pl\/wp-json\/wp\/v2\/users\/1"}],"replies":[{"embeddable":true,"href":"https:\/\/mediarun.com\/pl\/wp-json\/wp\/v2\/comments?post=84687"}],"version-history":[{"count":0,"href":"https:\/\/mediarun.com\/pl\/wp-json\/wp\/v2\/posts\/84687\/revisions"}],"wp:featuredmedia":[{"embeddable":true,"href":"https:\/\/mediarun.com\/pl\/wp-json\/wp\/v2\/media\/84688"}],"wp:attachment":[{"href":"https:\/\/mediarun.com\/pl\/wp-json\/wp\/v2\/media?parent=84687"}],"wp:term":[{"taxonomy":"category","embeddable":true,"href":"https:\/\/mediarun.com\/pl\/wp-json\/wp\/v2\/categories?post=84687"},{"taxonomy":"post_tag","embeddable":true,"href":"https:\/\/mediarun.com\/pl\/wp-json\/wp\/v2\/tags?post=84687"}],"curies":[{"name":"wp","href":"https:\/\/api.w.org\/{rel}","templated":true}]}}