{"id":84677,"date":"2005-11-28T00:55:46","date_gmt":"2005-11-27T23:55:46","guid":{"rendered":"https:\/\/mediarun.com\/index.php\/news-posts\/papiez-napomnial-polskie-media-katolickie\/"},"modified":"2005-11-28T00:55:46","modified_gmt":"2005-11-27T23:55:46","slug":"papiez-napomnial-polskie-media-katolickie","status":"publish","type":"post","link":"https:\/\/mediarun.com\/pl\/media\/radio\/papiez-napomnial-polskie-media-katolickie.html","title":{"rendered":"Papie\u017c napomnia\u0142 polskie media katolickie"},"content":{"rendered":"<p>&#8211; Pierwsz\u0105 grup\u0119 30 polskich biskup\u00f3w sk\u0142adaj\u0105cych wizyt\u0119 &#8222;ad Limina Apostolorum&#8221;, czyli do prog\u00f3w apostolskich, Papie\u017c przyj\u0105\u0142 w sobot\u0119. Takie spotkanie jest okazj\u0105 do zasygnalizowania spraw, kt\u00f3re trapi\u0105 lokalny Ko\u015bci\u00f3\u0142. Jak zapowiadali przed wyjazdem polscy biskupi, Benedykt XVI dowiedzia\u0142 si\u0119 m.in. o k\u0142opotach, jakie sprawiaj\u0105 Ko\u015bcio\u0142owi niekt\u00f3re media katolickie. Cho\u0107 oficjalnie nie pad\u0142a \u017cadna nazwa, wiadomo by\u0142o, \u017ce chodzi o Radio Maryja. &#8211; informuje &#8222;Gazeta Wyborcza&#8221;<\/p>\n<p>&#8211; Papie\u017c wyra\u017anie skrytykowa\u0142 upolitycznienie medi\u00f3w katolickich w Polsce, m\u00f3wi\u0105c, \u017ce powinny zachowa\u0107 polityczn\u0105 neutralno\u015b\u0107 i skupia\u0107 si\u0119 raczej na &#8222;zbli\u017caniu wiernych do Chrystusa&#8221;. &#8211; donosi &#8222;GW&#8221;<\/p>\n<p>&#8211; Niech g\u0142osz\u0105 Bo\u017c\u0105 prawd\u0119, uwra\u017cliwiaj\u0105c wsp\u00f3\u0142czesny \u015bwiat na dziedzictwo warto\u015bci chrze\u015bcija\u0144skich, niech ich g\u0142\u00f3wnym celem b\u0119dzie budowanie wsp\u00f3lnoty Ko\u015bcio\u0142a w duchu poszukiwania prawdy, mi\u0142o\u015bci, sprawiedliwo\u015bci i pokoju oraz zachowania autonomii sfery politycznej &#8211; powiedzia\u0142 Benedykt XVI. <\/p>\n","protected":false},"excerpt":{"rendered":"Benedykt XVI zabra\u0142 g\u0142os w sprawie medi\u00f3w katolickich w Polsce. Problem upolitycznienia &#8222;niekt\u00f3rych medi\u00f3w&#8221; przedstawili mu wczoraj polscy hierarchowie &#8211; informuje 'Gazeta Wyborcza&#8217;","protected":false},"author":1,"featured_media":0,"comment_status":"open","ping_status":"closed","sticky":false,"template":"","format":"standard","meta":{"csco_display_header_overlay":false,"csco_singular_sidebar":"","csco_page_header_type":"","csco_page_load_nextpost":"","csco_post_video_location":[],"csco_post_video_location_hash":"","csco_post_video_url":"","csco_post_video_bg_start_time":0,"csco_post_video_bg_end_time":0,"footnotes":""},"categories":[9672],"tags":[],"class_list":{"0":"post-84677","1":"post","2":"type-post","3":"status-publish","4":"format-standard","6":"category-radio","7":"cs-entry","8":"cs-video-wrap"},"_links":{"self":[{"href":"https:\/\/mediarun.com\/pl\/wp-json\/wp\/v2\/posts\/84677","targetHints":{"allow":["GET"]}}],"collection":[{"href":"https:\/\/mediarun.com\/pl\/wp-json\/wp\/v2\/posts"}],"about":[{"href":"https:\/\/mediarun.com\/pl\/wp-json\/wp\/v2\/types\/post"}],"author":[{"embeddable":true,"href":"https:\/\/mediarun.com\/pl\/wp-json\/wp\/v2\/users\/1"}],"replies":[{"embeddable":true,"href":"https:\/\/mediarun.com\/pl\/wp-json\/wp\/v2\/comments?post=84677"}],"version-history":[{"count":0,"href":"https:\/\/mediarun.com\/pl\/wp-json\/wp\/v2\/posts\/84677\/revisions"}],"wp:attachment":[{"href":"https:\/\/mediarun.com\/pl\/wp-json\/wp\/v2\/media?parent=84677"}],"wp:term":[{"taxonomy":"category","embeddable":true,"href":"https:\/\/mediarun.com\/pl\/wp-json\/wp\/v2\/categories?post=84677"},{"taxonomy":"post_tag","embeddable":true,"href":"https:\/\/mediarun.com\/pl\/wp-json\/wp\/v2\/tags?post=84677"}],"curies":[{"name":"wp","href":"https:\/\/api.w.org\/{rel}","templated":true}]}}