{"id":84675,"date":"2005-11-28T01:05:18","date_gmt":"2005-11-28T00:05:18","guid":{"rendered":"https:\/\/mediarun.com\/index.php\/news-posts\/tomasz-lis-w-prasie-lokalnej\/"},"modified":"2005-11-28T01:05:18","modified_gmt":"2005-11-28T00:05:18","slug":"tomasz-lis-w-prasie-lokalnej","status":"publish","type":"post","link":"https:\/\/mediarun.com\/pl\/media\/prasa\/tomasz-lis-w-prasie-lokalnej.html","title":{"rendered":"Tomasz Lis w prasie lokalnej"},"content":{"rendered":"<p>&#8211; Komentarze Lisa maj\u0105 si\u0119 pojawia\u0107 w ka\u017cdy pi\u0105tek w &#8222;Gazecie Krakowskiej&#8221;, &#8222;Dzienniku Zachodnim&#8221;, &#8222;Dzienniku Ba\u0142tyckim&#8221;, &#8222;Dzienniku \u0141\u00f3dzkim&#8221;, &#8222;S\u0142owie Polskim&#8221;, &#8222;Gazecie Wroc\u0142awskiej&#8221; oraz w powi\u0105zanym kapita\u0142owo z Polskapresse &#8222;G\u0142osie Wielkopolskim&#8221; &#8211; poinformowa\u0142o wydawnictwo. Szczeg\u00f3\u0142\u00f3w umowy nie ujawniono. &#8211; czytamy w &#8222;Gazecie Wyborczej&#8221;<\/p>\n<p>&#8211; To nie oznacza wy\u0142\u0105czno\u015bci. Regularne pisanie do jakiego\u015b tytu\u0142u by\u0142oby zbyt czasoch\u0142onne, ale gdyby kto\u015b zam\u00f3wi\u0142 u mnie pojedynczy tekst, nie by\u0142oby problemu &#8211; m\u00f3wi &#8222;Gazecie Wyborczej&#8221; Tomasz Lis. Dodaje on, \u017ce w tytu\u0142ach nale\u017c\u0105cych do Polskapresse publikowali regularne r\u00f3wnie\u017c tacy autorzy, jak Janina Paradowska, Ma\u0142gorzata Domagalik, Hanna Baku\u0142a czy Kazimierz Kutz. &#8211; Jednak do tej pory wsp\u00f3\u0142prac\u0119 z takimi publicystami nawi\u0105zywa\u0142y na w\u0142asn\u0105 r\u0119k\u0119 poszczeg\u00f3lne tytu\u0142y. Umowa z Tomaszem Lisem jest pierwsz\u0105 tego rodzaju w naszej firmie &#8211; powiedzia\u0142a &#8222;GW&#8221; Magdalena Chudzikiewicz, rzeczniczka Polskapresse.<\/p>\n","protected":false},"excerpt":{"rendered":"Tomasz Lis, cz\u0142onek zarz\u0105du Polsatu do spraw programowych, b\u0119dzie publikowa\u0142 komentarze w dziennikach regionalnych Polskapresse &#8211; donosi &#8222;Gazeta Wyborcza&#8221;","protected":false},"author":1,"featured_media":84676,"comment_status":"open","ping_status":"closed","sticky":false,"template":"","format":"standard","meta":{"csco_display_header_overlay":false,"csco_singular_sidebar":"","csco_page_header_type":"","csco_page_load_nextpost":"","csco_post_video_location":[],"csco_post_video_location_hash":"","csco_post_video_url":"","csco_post_video_bg_start_time":0,"csco_post_video_bg_end_time":0,"footnotes":""},"categories":[9673],"tags":[],"class_list":{"0":"post-84675","1":"post","2":"type-post","3":"status-publish","4":"format-standard","5":"has-post-thumbnail","7":"category-prasa","8":"cs-entry","9":"cs-video-wrap"},"_links":{"self":[{"href":"https:\/\/mediarun.com\/pl\/wp-json\/wp\/v2\/posts\/84675","targetHints":{"allow":["GET"]}}],"collection":[{"href":"https:\/\/mediarun.com\/pl\/wp-json\/wp\/v2\/posts"}],"about":[{"href":"https:\/\/mediarun.com\/pl\/wp-json\/wp\/v2\/types\/post"}],"author":[{"embeddable":true,"href":"https:\/\/mediarun.com\/pl\/wp-json\/wp\/v2\/users\/1"}],"replies":[{"embeddable":true,"href":"https:\/\/mediarun.com\/pl\/wp-json\/wp\/v2\/comments?post=84675"}],"version-history":[{"count":0,"href":"https:\/\/mediarun.com\/pl\/wp-json\/wp\/v2\/posts\/84675\/revisions"}],"wp:featuredmedia":[{"embeddable":true,"href":"https:\/\/mediarun.com\/pl\/wp-json\/wp\/v2\/media\/84676"}],"wp:attachment":[{"href":"https:\/\/mediarun.com\/pl\/wp-json\/wp\/v2\/media?parent=84675"}],"wp:term":[{"taxonomy":"category","embeddable":true,"href":"https:\/\/mediarun.com\/pl\/wp-json\/wp\/v2\/categories?post=84675"},{"taxonomy":"post_tag","embeddable":true,"href":"https:\/\/mediarun.com\/pl\/wp-json\/wp\/v2\/tags?post=84675"}],"curies":[{"name":"wp","href":"https:\/\/api.w.org\/{rel}","templated":true}]}}