{"id":84670,"date":"2005-11-28T01:43:49","date_gmt":"2005-11-28T00:43:49","guid":{"rendered":"https:\/\/mediarun.com\/index.php\/news-posts\/1079-bardziej-swietokrzyskie\/"},"modified":"2005-11-28T01:43:49","modified_gmt":"2005-11-28T00:43:49","slug":"1079-bardziej-swietokrzyskie","status":"publish","type":"post","link":"https:\/\/mediarun.com\/pl\/media\/radio\/1079-bardziej-swietokrzyskie.html","title":{"rendered":"107,9 bardziej \u015bwi\u0119tokrzyskie"},"content":{"rendered":"<p>Zasi\u0119g techniczny sygna\u0142u Radia Plus Kielce nigdy nie by\u0142 imponuj\u0105cy, a po wiosennej awarii zmniejszy\u0142 si\u0119 do kilkunastu kilometr\u00f3w. Teraz kielecki Plus mo\u017ce by\u0107 s\u0142uchany m.in. w Skar\u017cysku, Busku, Ko\u0144skich, J\u0119drzejowie, S\u0119dziszowie, Ma\u0142ogoszczu, W\u0142oszczowie. &#8222;W tym momencie monitorujemy zasi\u0119g techniczny sygna\u0142u. Prosimy tak\u017ce s\u0142uchaczy o informacje o to gdzie i jak nas s\u0142ycha\u0107&#8221; &#8211; m\u00f3wi Piotr Michalec &#8211; dyrektor programowy Radia Plus Kielce. Zapewnia tak\u017ce, \u017ce program Radia Plus b\u0119dzie teraz bardziej lokalny. Kilka dni temu Radio Plus Kielce podpisa\u0142o now\u0105 umow\u0119 ze sp\u00f3\u0142k\u0105 Radio Plus Polska Sp. z o.o. dotycz\u0105c\u0105 wsp\u00f3\u0142pracy franchisingowej. Umowa gwarantuje kieleckiej rozg\u0142o\u015bni w wi\u0119kszym ni\u017c do tej pory zakresie interesowanie si\u0119 sprawami spo\u0142eczno\u015bci lokalnej. &#8222;Teraz nie b\u0119dziemy ograniczali si\u0119 do Kielc, ale chcemy te\u017c dociera\u0107 do miasteczek i wsi z wojew\u00f3dztwa \u015bwi\u0119tokrzyskiego. By\u0142 to g\u0142\u00f3wny cel inwestycji w system nadawczy&#8221; &#8211; m\u00f3wi Piotr Michalec. Elementy systemu nadawczego Radia Plus Kielce zosta\u0142y ca\u0142kowicie wymienione (anteny, maszty nadawcze) lub zmodernizowane (nadajniki). Prace utrudnia\u0142y warunki atmosferyczne oraz to, \u017ce trwa\u0142y one na wysoko\u015bci 200 metr\u00f3w nad poziomem terenu, tak\u0105 bowiem wysoko\u015b\u0107 ma komin EC Kielce. <\/p>\n<p>Marka &#8222;Radio Plus&#8221; obecna jest na kieleckim rynku od ponad 6 lat. Radio mo\u017cna s\u0142ucha\u0107 na cz\u0119stotliwo\u015bci 107,9 FM, ma ono charakter spo\u0142eczno &#8211; religijny, skierowane jest g\u0142\u00f3wnie do os\u00f3b w wieku od 25 do 45 lat. Rozg\u0142o\u015bnia nadaje w formacie muzycznym &#8211; \u0142agodne przeboje. Nale\u017cy do sieci Plus, w sk\u0142ad kt\u00f3rej opr\u00f3cz Kielc wchodz\u0105: Radom, Gda\u0144sk, Bydgoszcz, Gniezno, Gorz\u00f3w, G\u0142og\u00f3w, Zielona G\u00f3ra, Gliwice, Opole i Legnica. <\/p>\n","protected":false},"excerpt":{"rendered":"Radio Plus Kielce powi\u0119kszy\u0142o sw\u00f3j zasi\u0119g nadawania. Po modernizacji systemu nadawczego na kominie Elektrociep\u0142owni Kielce kieleck\u0105 rozg\u0142o\u015bni\u0119 s\u0142ycha\u0107 prawie w ca\u0142ym wojew\u00f3dztwie \u015bwi\u0119tokrzyskim. Do tej pory Plus m\u00f3g\u0142 by\u0107 s\u0142uchany kilkana\u015bcie kilometr\u00f3w wok\u00f3\u0142 Kielc.","protected":false},"author":1,"featured_media":0,"comment_status":"open","ping_status":"closed","sticky":false,"template":"","format":"standard","meta":{"csco_display_header_overlay":false,"csco_singular_sidebar":"","csco_page_header_type":"","csco_page_load_nextpost":"","csco_post_video_location":[],"csco_post_video_location_hash":"","csco_post_video_url":"","csco_post_video_bg_start_time":0,"csco_post_video_bg_end_time":0,"footnotes":""},"categories":[9672],"tags":[],"class_list":{"0":"post-84670","1":"post","2":"type-post","3":"status-publish","4":"format-standard","6":"category-radio","7":"cs-entry","8":"cs-video-wrap"},"_links":{"self":[{"href":"https:\/\/mediarun.com\/pl\/wp-json\/wp\/v2\/posts\/84670","targetHints":{"allow":["GET"]}}],"collection":[{"href":"https:\/\/mediarun.com\/pl\/wp-json\/wp\/v2\/posts"}],"about":[{"href":"https:\/\/mediarun.com\/pl\/wp-json\/wp\/v2\/types\/post"}],"author":[{"embeddable":true,"href":"https:\/\/mediarun.com\/pl\/wp-json\/wp\/v2\/users\/1"}],"replies":[{"embeddable":true,"href":"https:\/\/mediarun.com\/pl\/wp-json\/wp\/v2\/comments?post=84670"}],"version-history":[{"count":0,"href":"https:\/\/mediarun.com\/pl\/wp-json\/wp\/v2\/posts\/84670\/revisions"}],"wp:attachment":[{"href":"https:\/\/mediarun.com\/pl\/wp-json\/wp\/v2\/media?parent=84670"}],"wp:term":[{"taxonomy":"category","embeddable":true,"href":"https:\/\/mediarun.com\/pl\/wp-json\/wp\/v2\/categories?post=84670"},{"taxonomy":"post_tag","embeddable":true,"href":"https:\/\/mediarun.com\/pl\/wp-json\/wp\/v2\/tags?post=84670"}],"curies":[{"name":"wp","href":"https:\/\/api.w.org\/{rel}","templated":true}]}}