{"id":84668,"date":"2005-11-28T06:00:00","date_gmt":"2005-11-28T05:00:00","guid":{"rendered":"https:\/\/mediarun.com\/index.php\/news-posts\/francuzi-mniej-szczesliwi-niz-sasiedzi\/"},"modified":"2005-11-28T06:00:00","modified_gmt":"2005-11-28T05:00:00","slug":"francuzi-mniej-szczesliwi-niz-sasiedzi","status":"publish","type":"post","link":"https:\/\/mediarun.com\/pl\/inne\/francuzi-mniej-szczesliwi-niz-sasiedzi.html","title":{"rendered":"Francuzi mniej szcz\u0119\u015bliwi ni\u017c s\u0105siedzi"},"content":{"rendered":"<p><DIV>Tylko 42 procent Francuz\u00f3w uwa\u017ca si\u0119 za szcz\u0119\u015bliwych. Szcz\u0119\u015bliwsi okazali si\u0119 Hiszpanie (56 proc.), Niemcy (52 proc.) i W\u0142osi (49 proc.).<\/DIV><br \/>\n<DIV>&nbsp;<\/DIV><br \/>\n<DIV>&#8222;Wyniki mog\u0105 zaskakiwa\u0107. Francuz\u00f3w zawsze uwa\u017cano przecie\u017c za ludzi potrafi\u0105cych korzysta\u0107 z \u017cycia&#8221; &#8211; twierdz\u0105 eksperci.<BR>&nbsp; <BR>Tymczasem np. trzy czwarte z nich nie ma pomys\u0142u, jak zabezpieczy\u0107 si\u0119 finansowo na staro\u015b\u0107. Francuzi narzekaj\u0105 te\u017c na zanieczyszczenie powietrza i zmiany klimatu oraz obawiaj\u0105 si\u0119 utraty bezpiecze\u0144stwa socjalnego.<\/DIV><br \/>\n<DIV>&nbsp;<\/DIV><br \/>\n<DIV>Badania przeprowadzono w czerwcu i sierpniu na 1000-osobowej reprezentatywnej grupie w czterech krajach.<\/DIV><\/p>\n","protected":false},"excerpt":{"rendered":"Francuzi s\u0105 mniej zadowoleni z \u017cycia ni\u017c Niemcy, Hiszpanie czy W\u0142osi &#8211; wynika z sonda\u017cu AGF-Allianz.","protected":false},"author":1,"featured_media":84669,"comment_status":"open","ping_status":"closed","sticky":false,"template":"","format":"standard","meta":{"csco_display_header_overlay":false,"csco_singular_sidebar":"","csco_page_header_type":"","csco_page_load_nextpost":"","csco_post_video_location":[],"csco_post_video_location_hash":"","csco_post_video_url":"","csco_post_video_bg_start_time":0,"csco_post_video_bg_end_time":0,"footnotes":""},"categories":[47],"tags":[],"class_list":{"0":"post-84668","1":"post","2":"type-post","3":"status-publish","4":"format-standard","5":"has-post-thumbnail","7":"category-inne","8":"cs-entry","9":"cs-video-wrap"},"_links":{"self":[{"href":"https:\/\/mediarun.com\/pl\/wp-json\/wp\/v2\/posts\/84668","targetHints":{"allow":["GET"]}}],"collection":[{"href":"https:\/\/mediarun.com\/pl\/wp-json\/wp\/v2\/posts"}],"about":[{"href":"https:\/\/mediarun.com\/pl\/wp-json\/wp\/v2\/types\/post"}],"author":[{"embeddable":true,"href":"https:\/\/mediarun.com\/pl\/wp-json\/wp\/v2\/users\/1"}],"replies":[{"embeddable":true,"href":"https:\/\/mediarun.com\/pl\/wp-json\/wp\/v2\/comments?post=84668"}],"version-history":[{"count":0,"href":"https:\/\/mediarun.com\/pl\/wp-json\/wp\/v2\/posts\/84668\/revisions"}],"wp:featuredmedia":[{"embeddable":true,"href":"https:\/\/mediarun.com\/pl\/wp-json\/wp\/v2\/media\/84669"}],"wp:attachment":[{"href":"https:\/\/mediarun.com\/pl\/wp-json\/wp\/v2\/media?parent=84668"}],"wp:term":[{"taxonomy":"category","embeddable":true,"href":"https:\/\/mediarun.com\/pl\/wp-json\/wp\/v2\/categories?post=84668"},{"taxonomy":"post_tag","embeddable":true,"href":"https:\/\/mediarun.com\/pl\/wp-json\/wp\/v2\/tags?post=84668"}],"curies":[{"name":"wp","href":"https:\/\/api.w.org\/{rel}","templated":true}]}}