{"id":8466,"date":"2012-02-12T14:46:07","date_gmt":"2012-02-12T13:46:07","guid":{"rendered":"https:\/\/mediarun.com\/index.php\/news-posts\/dwa-nowe-seriale-kryminalne-w-ale-kino\/"},"modified":"2012-02-12T14:46:07","modified_gmt":"2012-02-12T13:46:07","slug":"dwa-nowe-seriale-kryminalne-w-ale-kino","status":"publish","type":"post","link":"https:\/\/mediarun.com\/pl\/media\/tv\/dwa-nowe-seriale-kryminalne-w-ale-kino.html","title":{"rendered":"Dwa nowe seriale kryminalne w ale kino+"},"content":{"rendered":"<p>W niedziel\u0119 12 lutego na antenie pojawi si\u0119 serial &#8222;Biuro ochrony&#8221; (org. &#8222;Livvagterne&#8221;), a w \u015brod\u0119 15 lutego na anten\u0119 powraca niepokorna detektyw Sarah Lund w drugim sezonie &#8222;The Killing&#8221; (org. &#8222;Forbrydelsen&#8221;).<\/p>\n<p>Bohaterami serialu &#8222;Biuro ochrony&#8221; jest troje doskonale wyszkolonych oficer&oacute;w, kt&oacute;rzy do\u0142\u0105czaj\u0105 do<br \/>elitarnej jednostki specjalnej: Rasmus (Soren Vejby), Jonas (Andr&eacute; Babikian) i Jasmina (Cecilie Stenspil). Do ich zada\u0144 nale\u017cy m.in. ochrona du\u0144skich polityk&oacute;w i walka z terroryzmem.<\/p>\n<p>Si\u0142\u0105 serialu jest \u015bwietny scenariusz. Tu nie ma szybkich rozwi\u0105za\u0144 czy spektakularnych po\u015bcig&oacute;w samochodowych. Jest za to klimat, charakterystyczny dla skandynawskich produkcji, a wci\u0105gaj\u0105ca fabu\u0142a daje<br \/>widzowi wgl\u0105d w prac\u0119 du\u0144skich s\u0142u\u017cb specjalnych.<\/p>\n<p>Serial sk\u0142ada si\u0119 z 20 odcink&oacute;w. W ka\u017cd\u0105 niedziel\u0119 od 12 lutego do 15 kwietnia o 20.10 ale kino+ poka\u017ce dwa odcinki.<\/p>\n<p>Od \u015brody 15 lutego ale kino+ zaprasza na drugi sezon serialu &#8222;The Killing&#8221;. W drugim sezonie widzowie b\u0119d\u0105 \u015bledzi\u0107 kolejn\u0105 spraw\u0119 prowadzon\u0105 przez detektyw Sarah Lund. Tym razem bohaterka pomo\u017ce policji z Kopenhagi rozwi\u0105za\u0107 zagadk\u0119 zab&oacute;jstwa prawniczki.<\/p>\n<p>Sezon drugi sk\u0142ada si\u0119 z 10 odcink&oacute;w. W ka\u017cd\u0105 \u015brod\u0119 od 15 lutego do 14 marca, od 20.10, ale kino+ poka\u017ce dwa odcinki. Powt&oacute;rki w pi\u0105tki 22.00.<\/p>\n<p>Pierwszy sezon &#8222;The Killing&#8221; mo\u017cna ogl\u0105da\u0107 na <a rel=\"nofollow noopener\" href=\"https:\/\/www.cyfraplusonline.pl\/witamy\" target=\"_blank\">stronie internetowej<\/a> w ramach us\u0142ugi Cyfra+ Online.<\/p>\n","protected":false},"excerpt":{"rendered":"ale kino+ przygotowa\u0142o na luty dwa nowe du\u0144skie seriale kryminalne: &#8222;Biuro Ochrony&#8221; i &#8222;The Killing&#8221;.","protected":false},"author":1,"featured_media":8467,"comment_status":"open","ping_status":"closed","sticky":false,"template":"","format":"standard","meta":{"csco_display_header_overlay":false,"csco_singular_sidebar":"","csco_page_header_type":"","csco_page_load_nextpost":"","csco_post_video_location":[],"csco_post_video_location_hash":"","csco_post_video_url":"","csco_post_video_bg_start_time":0,"csco_post_video_bg_end_time":0,"footnotes":""},"categories":[9670],"tags":[],"class_list":{"0":"post-8466","1":"post","2":"type-post","3":"status-publish","4":"format-standard","5":"has-post-thumbnail","7":"category-tv","8":"cs-entry","9":"cs-video-wrap"},"_links":{"self":[{"href":"https:\/\/mediarun.com\/pl\/wp-json\/wp\/v2\/posts\/8466","targetHints":{"allow":["GET"]}}],"collection":[{"href":"https:\/\/mediarun.com\/pl\/wp-json\/wp\/v2\/posts"}],"about":[{"href":"https:\/\/mediarun.com\/pl\/wp-json\/wp\/v2\/types\/post"}],"author":[{"embeddable":true,"href":"https:\/\/mediarun.com\/pl\/wp-json\/wp\/v2\/users\/1"}],"replies":[{"embeddable":true,"href":"https:\/\/mediarun.com\/pl\/wp-json\/wp\/v2\/comments?post=8466"}],"version-history":[{"count":0,"href":"https:\/\/mediarun.com\/pl\/wp-json\/wp\/v2\/posts\/8466\/revisions"}],"wp:featuredmedia":[{"embeddable":true,"href":"https:\/\/mediarun.com\/pl\/wp-json\/wp\/v2\/media\/8467"}],"wp:attachment":[{"href":"https:\/\/mediarun.com\/pl\/wp-json\/wp\/v2\/media?parent=8466"}],"wp:term":[{"taxonomy":"category","embeddable":true,"href":"https:\/\/mediarun.com\/pl\/wp-json\/wp\/v2\/categories?post=8466"},{"taxonomy":"post_tag","embeddable":true,"href":"https:\/\/mediarun.com\/pl\/wp-json\/wp\/v2\/tags?post=8466"}],"curies":[{"name":"wp","href":"https:\/\/api.w.org\/{rel}","templated":true}]}}