{"id":84633,"date":"2005-11-28T06:00:00","date_gmt":"2005-11-28T05:00:00","guid":{"rendered":"https:\/\/mediarun.com\/index.php\/news-posts\/gazeta-prawna-ma-nowego-dyrektora-artystycznego\/"},"modified":"2005-11-28T06:00:00","modified_gmt":"2005-11-28T05:00:00","slug":"gazeta-prawna-ma-nowego-dyrektora-artystycznego","status":"publish","type":"post","link":"https:\/\/mediarun.com\/pl\/ludzie\/awanse\/gazeta-prawna-ma-nowego-dyrektora-artystycznego.html","title":{"rendered":"Gazeta Prawna ma nowego dyrektora artystycznego"},"content":{"rendered":"<p><P>Janusza \u0141ukowicza, kt\u00f3ry odszed\u0142 z GP.<\/P><br \/>\n<P>Wcze\u015bniej Konrad Siuda by\u0142 m.in. dyrektorem artystycznym Newsweek Polska i dyrektorem kreatywnym w Wydawnictwie G+J Polska.<\/P><\/p>\n","protected":false},"excerpt":{"rendered":"Dyrektorem artystycznym Gazety Prawnej (Grupa Wydawawnicza Infor S.A.) zosta\u0142 Konrad Siuda. Zast\u0105pi\u0142 na tym stanowisku&#8230;","protected":false},"author":1,"featured_media":84634,"comment_status":"open","ping_status":"closed","sticky":false,"template":"","format":"standard","meta":{"csco_display_header_overlay":false,"csco_singular_sidebar":"","csco_page_header_type":"","csco_page_load_nextpost":"","csco_post_video_location":[],"csco_post_video_location_hash":"","csco_post_video_url":"","csco_post_video_bg_start_time":0,"csco_post_video_bg_end_time":0,"footnotes":""},"categories":[9678],"tags":[],"class_list":{"0":"post-84633","1":"post","2":"type-post","3":"status-publish","4":"format-standard","5":"has-post-thumbnail","7":"category-awanse","8":"cs-entry","9":"cs-video-wrap"},"_links":{"self":[{"href":"https:\/\/mediarun.com\/pl\/wp-json\/wp\/v2\/posts\/84633","targetHints":{"allow":["GET"]}}],"collection":[{"href":"https:\/\/mediarun.com\/pl\/wp-json\/wp\/v2\/posts"}],"about":[{"href":"https:\/\/mediarun.com\/pl\/wp-json\/wp\/v2\/types\/post"}],"author":[{"embeddable":true,"href":"https:\/\/mediarun.com\/pl\/wp-json\/wp\/v2\/users\/1"}],"replies":[{"embeddable":true,"href":"https:\/\/mediarun.com\/pl\/wp-json\/wp\/v2\/comments?post=84633"}],"version-history":[{"count":0,"href":"https:\/\/mediarun.com\/pl\/wp-json\/wp\/v2\/posts\/84633\/revisions"}],"wp:featuredmedia":[{"embeddable":true,"href":"https:\/\/mediarun.com\/pl\/wp-json\/wp\/v2\/media\/84634"}],"wp:attachment":[{"href":"https:\/\/mediarun.com\/pl\/wp-json\/wp\/v2\/media?parent=84633"}],"wp:term":[{"taxonomy":"category","embeddable":true,"href":"https:\/\/mediarun.com\/pl\/wp-json\/wp\/v2\/categories?post=84633"},{"taxonomy":"post_tag","embeddable":true,"href":"https:\/\/mediarun.com\/pl\/wp-json\/wp\/v2\/tags?post=84633"}],"curies":[{"name":"wp","href":"https:\/\/api.w.org\/{rel}","templated":true}]}}