{"id":84632,"date":"2005-11-28T09:30:13","date_gmt":"2005-11-28T08:30:13","guid":{"rendered":"https:\/\/mediarun.com\/index.php\/news-posts\/samoobrona-chce-cenzury\/"},"modified":"2005-11-28T09:30:13","modified_gmt":"2005-11-28T08:30:13","slug":"samoobrona-chce-cenzury","status":"publish","type":"post","link":"https:\/\/mediarun.com\/pl\/media\/prasa\/samoobrona-chce-cenzury.html","title":{"rendered":"Samoobrona chce cenzury?"},"content":{"rendered":"<p>&#8211; Pojawi\u0142 si\u0119 pomys\u0142, aby gazeta, kt\u00f3ra w ci\u0105gu roku przegra trzy procesy o znies\u0142awienie, by\u0142a automatycznie zamykana &#8211; m\u00f3wi. <\/p>\n<p>Pretekstem do wprowadzenia takich zmian maj\u0105 by\u0107 prace nad zmianami w prawie prasowym. &#8211; Pod has\u0142em obrony obywateli nies\u0142usznie pom\u00f3wionych przez media mog\u0105 zosta\u0107 wprowadzone zapisy chroni\u0105ce g\u0142\u00f3wnie polityk\u00f3w &#8211; uwa\u017ca Gadzinowski. <\/p>\n<p>Samoobrona oficjalnie odcina si\u0119 jednak od takich pomys\u0142\u00f3w. &#8211; Nie zamierzamy ogranicza\u0107 wolno\u015bci s\u0142owa. Na razie nawet nie rozwa\u017camy ponownego wniesienia do Sejmu naszego projektu prawa prasowego &#8211; m\u00f3wi &#8222;Rz&#8221; pose\u0142 Janusz Maksymiuk, szef biura Samoobrony i koordynator dzia\u0142a\u0144 partii w Sejmie. I podkre\u015bla: &#8211; Zreszt\u0105 nasze propozycje nigdy nie by\u0142y tak restrykcyjne, \u017ceby domaga\u0107 si\u0119 zamykania gazet. <\/p>\n<p>&#8211; Projekt zmiany prawa prasowego Samoobrony trafi\u0142 do poprzedniego Sejmu i umar\u0142 wraz z ko\u0144cem jego kadencji. Partia domaga\u0142a si\u0119 w nim ekspresowych s\u0105d\u00f3w dla dziennikarzy. Sprawy przeciw mediom mia\u0142y by\u0107 rozpatrywane w ci\u0105gu 7 dni, a apelacje &#8211; w ci\u0105gu 14 od z\u0142o\u017cenia za\u017calenia. &#8211; donosi &#8222;Rzeczpospolita&#8221;<\/p>\n<p>Maksymiuk deklaruje: <\/p>\n<p>&#8211; Mo\u017ce wr\u00f3cimy do tego projektu, ale na pewno nie w najbli\u017cszym czasie. <\/p>\n<p>&#8211; Samoobrona regulacjami dotycz\u0105cymi medi\u00f3w interesuje si\u0119 coraz bardziej. W otoczeniu Leppera pojawi\u0142 si\u0119 niedawno kontrowersyjny prawnik i medioznawca prof. Bogdan Michalski z Uniwersytetu Warszawskiego. Jest on m.in. zwolennikiem &#8222;pewnych element\u00f3w cenzury&#8221;. Kilka lat temu opracowa\u0142 wyj\u0105tkowo restrykcyjny projekt prawa prasowego, popierany w\u00f3wczas przez PSL. Projekt zak\u0142ada\u0142 m.in., \u017ce prawo do wykonywania zawodu dziennikarza mieliby przede wszystkim absolwenci studi\u00f3w dziennikarskich. &#8211; pisze &#8222;Rz&#8221;<\/p>\n","protected":false},"excerpt":{"rendered":"&#8211; Pojawi\u0142a si\u0119 informacja, \u017ce pos\u0142owie Samoobrony zamierzaj\u0105 zaproponowa\u0107 wprowadzenie restrykcyjnych kar wobec dziennikarzy i ich redakcji. Potwierdza to Piotr Gadzinowski (SLD) z Sejmowej Komisji Kultury i Medi\u00f3w. &#8211; pisze &#8222;Rzeczpospolita&#8221;","protected":false},"author":1,"featured_media":0,"comment_status":"open","ping_status":"closed","sticky":false,"template":"","format":"standard","meta":{"csco_display_header_overlay":false,"csco_singular_sidebar":"","csco_page_header_type":"","csco_page_load_nextpost":"","csco_post_video_location":[],"csco_post_video_location_hash":"","csco_post_video_url":"","csco_post_video_bg_start_time":0,"csco_post_video_bg_end_time":0,"footnotes":""},"categories":[9673],"tags":[],"class_list":{"0":"post-84632","1":"post","2":"type-post","3":"status-publish","4":"format-standard","6":"category-prasa","7":"cs-entry","8":"cs-video-wrap"},"_links":{"self":[{"href":"https:\/\/mediarun.com\/pl\/wp-json\/wp\/v2\/posts\/84632","targetHints":{"allow":["GET"]}}],"collection":[{"href":"https:\/\/mediarun.com\/pl\/wp-json\/wp\/v2\/posts"}],"about":[{"href":"https:\/\/mediarun.com\/pl\/wp-json\/wp\/v2\/types\/post"}],"author":[{"embeddable":true,"href":"https:\/\/mediarun.com\/pl\/wp-json\/wp\/v2\/users\/1"}],"replies":[{"embeddable":true,"href":"https:\/\/mediarun.com\/pl\/wp-json\/wp\/v2\/comments?post=84632"}],"version-history":[{"count":0,"href":"https:\/\/mediarun.com\/pl\/wp-json\/wp\/v2\/posts\/84632\/revisions"}],"wp:attachment":[{"href":"https:\/\/mediarun.com\/pl\/wp-json\/wp\/v2\/media?parent=84632"}],"wp:term":[{"taxonomy":"category","embeddable":true,"href":"https:\/\/mediarun.com\/pl\/wp-json\/wp\/v2\/categories?post=84632"},{"taxonomy":"post_tag","embeddable":true,"href":"https:\/\/mediarun.com\/pl\/wp-json\/wp\/v2\/tags?post=84632"}],"curies":[{"name":"wp","href":"https:\/\/api.w.org\/{rel}","templated":true}]}}