{"id":84631,"date":"2005-11-28T09:33:41","date_gmt":"2005-11-28T08:33:41","guid":{"rendered":"https:\/\/mediarun.com\/index.php\/news-posts\/dorn-wystapil-w-radiu-maryja\/"},"modified":"2005-11-28T09:33:41","modified_gmt":"2005-11-28T08:33:41","slug":"dorn-wystapil-w-radiu-maryja","status":"publish","type":"post","link":"https:\/\/mediarun.com\/pl\/media\/radio\/dorn-wystapil-w-radiu-maryja.html","title":{"rendered":"Dorn wyst\u0105pi\u0142 w Radiu Maryja"},"content":{"rendered":"<p>Zapowiedzia\u0142 walk\u0119 z przest\u0119pczo\u015bci\u0105 oraz z nieprawid\u0142owo\u015bciami w podleg\u0142ych mu s\u0142u\u017cbach. &#8211; Przede wszystkim chcia\u0142bym, \u017ceby bali si\u0119 mnie przest\u0119pcy, a po drugie &#8211; leniwi, nieudolni, skorumpowani, uwik\u0142ani urz\u0119dnicy i funkcjonariusze. A z tego wynika, \u017ce nie chcia\u0142bym, aby obawiali si\u0119 mnie wszyscy inni. Ja wiem, \u017ce minister, zw\u0142aszcza w tym resorcie, musi by\u0107 twardy &#8211; o\u015bwiadczy\u0142 wicepremier. <\/p>\n<p>&#8211; Zauwa\u017cy\u0142, \u017ce jest pierwszym ministrem, kt\u00f3ry chce po\u0142o\u017cy\u0107 tak silny nacisk na prewencj\u0119 w policji i dlatego m.in. zobowi\u0105za\u0142 si\u0119 do zwi\u0119kszenia liczby funkcjonariuszy w s\u0142u\u017cbie patrolowej w ci\u0105gu dw\u00f3ch lat o po\u0142ow\u0119. &#8211; informuje &#8222;Rzeczpospolita&#8221;<\/p>\n<p>&#8211; Policja, zdaniem Dorna, powinna nawi\u0105za\u0107 \u015bci\u015blejsz\u0105 wsp\u00f3\u0142prac\u0119z samorz\u0105dami, wsp\u00f3lnotami mieszka\u0144c\u00f3w, a tak\u017ce radami parafialnymi. &#8211; pisze dziennik<\/p>\n<p>&#8211; Do\u015bwiadczenia Wielkiej Brytanii i Stan\u00f3w Zjednoczonych pokazuj\u0105, \u017ce wsp\u00f3lnoty religijne to bardzo cenny partner dla policji w dziedzinie prewencji &#8211; m\u00f3wi\u0142. <\/p>\n","protected":false},"excerpt":{"rendered":"Po premierze Kazimierzu Marcinkiewiczu, ministrach Zbigniewie Wassermannie i Zbigniewie Ziobro wicepremier i szef MSWiA Ludwik Dorn w sobot\u0119 wieczorem wyst\u0105pi\u0142 na \u017cywo w Radiu Maryja i Telewizji Trwam.  &#8211; pisze &#8222;Rzeczpospolita&#8221;","protected":false},"author":1,"featured_media":0,"comment_status":"open","ping_status":"closed","sticky":false,"template":"","format":"standard","meta":{"csco_display_header_overlay":false,"csco_singular_sidebar":"","csco_page_header_type":"","csco_page_load_nextpost":"","csco_post_video_location":[],"csco_post_video_location_hash":"","csco_post_video_url":"","csco_post_video_bg_start_time":0,"csco_post_video_bg_end_time":0,"footnotes":""},"categories":[9672],"tags":[],"class_list":{"0":"post-84631","1":"post","2":"type-post","3":"status-publish","4":"format-standard","6":"category-radio","7":"cs-entry","8":"cs-video-wrap"},"_links":{"self":[{"href":"https:\/\/mediarun.com\/pl\/wp-json\/wp\/v2\/posts\/84631","targetHints":{"allow":["GET"]}}],"collection":[{"href":"https:\/\/mediarun.com\/pl\/wp-json\/wp\/v2\/posts"}],"about":[{"href":"https:\/\/mediarun.com\/pl\/wp-json\/wp\/v2\/types\/post"}],"author":[{"embeddable":true,"href":"https:\/\/mediarun.com\/pl\/wp-json\/wp\/v2\/users\/1"}],"replies":[{"embeddable":true,"href":"https:\/\/mediarun.com\/pl\/wp-json\/wp\/v2\/comments?post=84631"}],"version-history":[{"count":0,"href":"https:\/\/mediarun.com\/pl\/wp-json\/wp\/v2\/posts\/84631\/revisions"}],"wp:attachment":[{"href":"https:\/\/mediarun.com\/pl\/wp-json\/wp\/v2\/media?parent=84631"}],"wp:term":[{"taxonomy":"category","embeddable":true,"href":"https:\/\/mediarun.com\/pl\/wp-json\/wp\/v2\/categories?post=84631"},{"taxonomy":"post_tag","embeddable":true,"href":"https:\/\/mediarun.com\/pl\/wp-json\/wp\/v2\/tags?post=84631"}],"curies":[{"name":"wp","href":"https:\/\/api.w.org\/{rel}","templated":true}]}}