{"id":84625,"date":"2005-11-28T10:46:10","date_gmt":"2005-11-28T09:46:10","guid":{"rendered":"https:\/\/mediarun.com\/index.php\/news-posts\/przedsiebiorcy-chca-do-tvp\/"},"modified":"2005-11-28T10:46:10","modified_gmt":"2005-11-28T09:46:10","slug":"przedsiebiorcy-chca-do-tvp","status":"publish","type":"post","link":"https:\/\/mediarun.com\/pl\/media\/tv\/przedsiebiorcy-chca-do-tvp.html","title":{"rendered":"Przedsi\u0119biorcy chc\u0105 do TVP"},"content":{"rendered":"<p>&#8211; Rada zrzeszaj\u0105ca przedstawicieli najwi\u0119kszych organizacji gospodarczych w kraju chce mie\u0107 mo\u017cliwo\u015b\u0107 przedstawiania swoich pogl\u0105d\u00f3w i stanowiska w najwa\u017cniejszych sprawach pa\u0144stwowych i spo\u0142ecznych na antenie telewizji publicznej &#8211; czytamy w Gazecie Wyborczej. <\/p>\n<p>&#8211; Przedstawiciele pracodawc\u00f3w poinformowali te\u017c, \u017ce z\u0142o\u017c\u0105 w Sejmie propozycj\u0119 uzupe\u0142nienia KRRiT o przedstawicieli organizacji pracodawc\u00f3w, zwi\u0105zk\u00f3w zawodowych i innych organizacji pozarz\u0105dowych &#8211; pisze Gazeta Wyborcza.<\/p>\n","protected":false},"excerpt":{"rendered":"Rada Przedsi\u0119biorczo\u015bci RP spotkala si\u0119 w pi\u0105tek z Janem Dworakiem, prezesem TVP &#8211; donosi Gazeta Wyborcza.","protected":false},"author":1,"featured_media":84626,"comment_status":"open","ping_status":"closed","sticky":false,"template":"","format":"standard","meta":{"csco_display_header_overlay":false,"csco_singular_sidebar":"","csco_page_header_type":"","csco_page_load_nextpost":"","csco_post_video_location":[],"csco_post_video_location_hash":"","csco_post_video_url":"","csco_post_video_bg_start_time":0,"csco_post_video_bg_end_time":0,"footnotes":""},"categories":[9670],"tags":[],"class_list":{"0":"post-84625","1":"post","2":"type-post","3":"status-publish","4":"format-standard","5":"has-post-thumbnail","7":"category-tv","8":"cs-entry","9":"cs-video-wrap"},"_links":{"self":[{"href":"https:\/\/mediarun.com\/pl\/wp-json\/wp\/v2\/posts\/84625","targetHints":{"allow":["GET"]}}],"collection":[{"href":"https:\/\/mediarun.com\/pl\/wp-json\/wp\/v2\/posts"}],"about":[{"href":"https:\/\/mediarun.com\/pl\/wp-json\/wp\/v2\/types\/post"}],"author":[{"embeddable":true,"href":"https:\/\/mediarun.com\/pl\/wp-json\/wp\/v2\/users\/1"}],"replies":[{"embeddable":true,"href":"https:\/\/mediarun.com\/pl\/wp-json\/wp\/v2\/comments?post=84625"}],"version-history":[{"count":0,"href":"https:\/\/mediarun.com\/pl\/wp-json\/wp\/v2\/posts\/84625\/revisions"}],"wp:featuredmedia":[{"embeddable":true,"href":"https:\/\/mediarun.com\/pl\/wp-json\/wp\/v2\/media\/84626"}],"wp:attachment":[{"href":"https:\/\/mediarun.com\/pl\/wp-json\/wp\/v2\/media?parent=84625"}],"wp:term":[{"taxonomy":"category","embeddable":true,"href":"https:\/\/mediarun.com\/pl\/wp-json\/wp\/v2\/categories?post=84625"},{"taxonomy":"post_tag","embeddable":true,"href":"https:\/\/mediarun.com\/pl\/wp-json\/wp\/v2\/tags?post=84625"}],"curies":[{"name":"wp","href":"https:\/\/api.w.org\/{rel}","templated":true}]}}