{"id":84623,"date":"2005-11-28T10:53:57","date_gmt":"2005-11-28T09:53:57","guid":{"rendered":"https:\/\/mediarun.com\/index.php\/news-posts\/rajd-barborki-w-tvp\/"},"modified":"2005-11-28T10:53:57","modified_gmt":"2005-11-28T09:53:57","slug":"rajd-barborki-w-tvp","status":"publish","type":"post","link":"https:\/\/mediarun.com\/pl\/media\/tv\/rajd-barborki-w-tvp.html","title":{"rendered":"Rajd Barb\u00f3rki w TVP"},"content":{"rendered":"<p>Rozpocznie si\u0119 ona w sobot\u0119, 3 grudnia 2005, o godz. 18.30 w TVP3 Regionalnej. To pierwsza od pi\u0119ciu lat tak obszerna i pierwsza od wielu lat &#8222;na \u017cywo&#8221; relacja w og\u00f3le z rajdu w TVP.  <\/p>\n<p>Nowo\u015bci\u0105 b\u0119dzie tak\u017ce i to, \u017ce zmagania na ul. Karowej pokazywane b\u0119d\u0105 &#8222;na \u017cywo&#8221; w Telewizji Interaktywnej na stronie www.itvp.pl, od godziny 17.05 do 19.45. ( na tej stronie b\u0119dzie mo\u017cna zobaczy\u0107 r\u00f3wnie\u017c rywalizacj\u0119 na odcinkach specjalnych z zesz\u0142orocznego rajdu). <\/p>\n<p>Transmisja z &#8222;Kryterium na Karowej&#8221; realizowana b\u0119dzie przy pomocy cyfrowego wozu transmisyjnego, z u\u017cyciem o\u015bmiu kamer stacjonarnych, jednej ruchomej na starcie (mecie) i podczas ceremonii dekoracji oraz jednej kamery umieszczonej na 11-metrowym, ruchomym ramieniu. W czasie transmisji pokazana zostanie r\u00f3wnie\u017c walka na rozegranych wcze\u015bniej odcinkach specjalnych. Nie zabraknie te\u017c wywiad\u00f3w z zawodnikami. Nowo\u015bci\u0105 b\u0119dzie tak\u017ce rozdanie nagr\u00f3d i tytu\u0142\u00f3w za tegoroczne rajdowe mistrzostwa Polski. Relacje z rajdu znajd\u0105 si\u0119 r\u00f3wnie\u017c w sportowych programach informacyjnych. Planowane jest tak\u017ce 5-minutowe \u0142\u0105czenie &#8222;na \u017cywo&#8221; z reporterem (Miko\u0142aj Madej) na Karowej, w przerwie skok\u00f3w narciarskich w Trondheim. <\/p>\n<p>Realizatorem transmisji b\u0119dzie Janusz Kasprzak (realizowa\u0142 rajd &#8222;Barb\u00f3rka 2000&#8221;), komentatorami &#8211; dla TVP 3 oraz iTVP &#8211; by\u0142y pilot rajdowy &#8211; Miko\u0142aj Madej z TVP3 \u0141\u00f3d\u017a i wielokrotny rajdowy mistrz Polski Pawe\u0142 Przybylski. W roli reporter\u00f3w wyst\u0105pi\u0105: Marek Oblaci\u0144ski (Redakcja Sportowa TVP1) i Krzysztof G\u0119borys (kierowca i pilot rajdowy). Realizacj\u0119 przekazu wspiera\u0142 b\u0119dzie by\u0142y kierowca wy\u015bcigowy Marcin Biernacki (pomiar czasu na ekranie, klasyfikacje, grafika oraz materia\u0142y filmowe z odcink\u00f3w specjalnych). Wywiady ze zwyci\u0119zcami poszczeg\u00f3lnych klasyfikacji prowadzi\u0142 b\u0119dzie Maciej Kurzajewski (r\u00f3wnie\u017c wej\u015bcie &#8222;na \u017cywo&#8221; do serwisu &#8222;Sport&#8221; po &#8222;Wiadomo\u015bciach&#8221; ). Za ca\u0142o\u015b\u0107 odpowiedzialny jest Marek Oblaci\u0144ski. <\/p>\n<p>Mimo, \u017ce rajd nie jest eliminacj\u0105 rajdowych mistrzostw Polski, zawsze na starcie gromadzi najlepszych kierowc\u00f3w naszego kraju. Wielokrotnie rajd by\u0142 tak\u017ce imprez\u0105 mi\u0119dzynarodow\u0105. Najbardziej atrakcyjnym odcinkiem specjalnym rajdu, jest &#8222;Kryterium na Karowej&#8221;. Malownicza i trudna technicznie trasa sprawia, \u017ce ka\u017cdorazowo gromadzi si\u0119 tu kilkana\u015bcie tysi\u0119cy widz\u00f3w. <\/p>\n","protected":false},"excerpt":{"rendered":"Tradycyjny Rajd Barb\u00f3rki, a zw\u0142aszcza jego niezwykle presti\u017cowy fina\u0142 na ul. Karowej w Warszawie, to coroczna impreza zamykaj\u0105ca sezon sport\u00f3w samochodowych w Polsce. Telewizja Polska przeprowadzi godzinn\u0105 transmisj\u0119 z wy\u015bcigu na ul. Karowej.","protected":false},"author":1,"featured_media":84624,"comment_status":"open","ping_status":"closed","sticky":false,"template":"","format":"standard","meta":{"csco_display_header_overlay":false,"csco_singular_sidebar":"","csco_page_header_type":"","csco_page_load_nextpost":"","csco_post_video_location":[],"csco_post_video_location_hash":"","csco_post_video_url":"","csco_post_video_bg_start_time":0,"csco_post_video_bg_end_time":0,"footnotes":""},"categories":[9670],"tags":[],"class_list":{"0":"post-84623","1":"post","2":"type-post","3":"status-publish","4":"format-standard","5":"has-post-thumbnail","7":"category-tv","8":"cs-entry","9":"cs-video-wrap"},"_links":{"self":[{"href":"https:\/\/mediarun.com\/pl\/wp-json\/wp\/v2\/posts\/84623","targetHints":{"allow":["GET"]}}],"collection":[{"href":"https:\/\/mediarun.com\/pl\/wp-json\/wp\/v2\/posts"}],"about":[{"href":"https:\/\/mediarun.com\/pl\/wp-json\/wp\/v2\/types\/post"}],"author":[{"embeddable":true,"href":"https:\/\/mediarun.com\/pl\/wp-json\/wp\/v2\/users\/1"}],"replies":[{"embeddable":true,"href":"https:\/\/mediarun.com\/pl\/wp-json\/wp\/v2\/comments?post=84623"}],"version-history":[{"count":0,"href":"https:\/\/mediarun.com\/pl\/wp-json\/wp\/v2\/posts\/84623\/revisions"}],"wp:featuredmedia":[{"embeddable":true,"href":"https:\/\/mediarun.com\/pl\/wp-json\/wp\/v2\/media\/84624"}],"wp:attachment":[{"href":"https:\/\/mediarun.com\/pl\/wp-json\/wp\/v2\/media?parent=84623"}],"wp:term":[{"taxonomy":"category","embeddable":true,"href":"https:\/\/mediarun.com\/pl\/wp-json\/wp\/v2\/categories?post=84623"},{"taxonomy":"post_tag","embeddable":true,"href":"https:\/\/mediarun.com\/pl\/wp-json\/wp\/v2\/tags?post=84623"}],"curies":[{"name":"wp","href":"https:\/\/api.w.org\/{rel}","templated":true}]}}