{"id":84616,"date":"2005-11-28T15:21:38","date_gmt":"2005-11-28T14:21:38","guid":{"rendered":"https:\/\/mediarun.com\/index.php\/news-posts\/sopot-festival-2005-na-bis\/"},"modified":"2005-11-28T15:21:38","modified_gmt":"2005-11-28T14:21:38","slug":"sopot-festival-2005-na-bis","status":"publish","type":"post","link":"https:\/\/mediarun.com\/pl\/media\/tv\/sopot-festival-2005-na-bis.html","title":{"rendered":"Sopot Festival 2005 na bis"},"content":{"rendered":"<p>W \u015brod\u0119, 14 grudnia o 20.10 stacja powt\u00f3rzy koncert Maryli Rodowicz. Dzie\u0144 p\u00f3\u017aniej o tej samej porze wyemitowany zostanie recital zespo\u0142u Beata i Bajm. W sobot\u0119, 17 grudnia o 13.30 nast\u0105pi przypomnienie relacji z konkursu o nagrod\u0119 Bursztynowego S\u0142owika, a w niedziel\u0119 o 15.50 powt\u00f3rka wyst\u0119p\u00f3w Patrizio Buanne, Lemara i Gordona Haskela. Festiwalowy maraton wspomnie\u0144 w poniedzia\u0142ek (19 grudnia) zako\u0144czy koncert zespo\u0142u Simply Red.<\/p>\n<p><?plik(3854,'center','Rywalizacja o Bursztynowego S\u0142owika przynios\u0142a oczekiwane przez stacj\u0119 kontrowersje')?><\/p>\n<p>Cyklicznie, zapisy wyst\u0119p\u00f3w z muzycznych festiwali swoim widzom przypomina r\u00f3wnie\u017c TVP, kt\u00f3ra na rzecz TVN utraci\u0142a prawa do organizacji Sopot Festival. Nadawca zrekompensowa\u0142 widowni strat\u0119, organizuj\u0105c konkurencyjny dla wieloletniej imprezy Festiwal Jedynki.<\/p>\n","protected":false},"excerpt":{"rendered":"Telewizja TVN przypomni koncerty zarejestrowane w ramach trzydniowego Sopot Festival 2005, po raz pierwszy organizowanego przez prywatn\u0105 telewizj\u0119. Komercyjny sukces imprezy nie prze\u0142o\u017cy\u0142 si\u0119 na masow\u0105 ogl\u0105dalno\u015b\u0107 relacji z Opery Le\u015bnej.","protected":false},"author":1,"featured_media":84617,"comment_status":"open","ping_status":"closed","sticky":false,"template":"","format":"standard","meta":{"csco_display_header_overlay":false,"csco_singular_sidebar":"","csco_page_header_type":"","csco_page_load_nextpost":"","csco_post_video_location":[],"csco_post_video_location_hash":"","csco_post_video_url":"","csco_post_video_bg_start_time":0,"csco_post_video_bg_end_time":0,"footnotes":""},"categories":[9670],"tags":[],"class_list":{"0":"post-84616","1":"post","2":"type-post","3":"status-publish","4":"format-standard","5":"has-post-thumbnail","7":"category-tv","8":"cs-entry","9":"cs-video-wrap"},"_links":{"self":[{"href":"https:\/\/mediarun.com\/pl\/wp-json\/wp\/v2\/posts\/84616","targetHints":{"allow":["GET"]}}],"collection":[{"href":"https:\/\/mediarun.com\/pl\/wp-json\/wp\/v2\/posts"}],"about":[{"href":"https:\/\/mediarun.com\/pl\/wp-json\/wp\/v2\/types\/post"}],"author":[{"embeddable":true,"href":"https:\/\/mediarun.com\/pl\/wp-json\/wp\/v2\/users\/1"}],"replies":[{"embeddable":true,"href":"https:\/\/mediarun.com\/pl\/wp-json\/wp\/v2\/comments?post=84616"}],"version-history":[{"count":0,"href":"https:\/\/mediarun.com\/pl\/wp-json\/wp\/v2\/posts\/84616\/revisions"}],"wp:featuredmedia":[{"embeddable":true,"href":"https:\/\/mediarun.com\/pl\/wp-json\/wp\/v2\/media\/84617"}],"wp:attachment":[{"href":"https:\/\/mediarun.com\/pl\/wp-json\/wp\/v2\/media?parent=84616"}],"wp:term":[{"taxonomy":"category","embeddable":true,"href":"https:\/\/mediarun.com\/pl\/wp-json\/wp\/v2\/categories?post=84616"},{"taxonomy":"post_tag","embeddable":true,"href":"https:\/\/mediarun.com\/pl\/wp-json\/wp\/v2\/tags?post=84616"}],"curies":[{"name":"wp","href":"https:\/\/api.w.org\/{rel}","templated":true}]}}