{"id":84607,"date":"2005-11-28T20:55:56","date_gmt":"2005-11-28T19:55:56","guid":{"rendered":"https:\/\/mediarun.com\/index.php\/news-posts\/spotkanie-jana-dworaka-z-dziennikarzami\/"},"modified":"2005-11-28T20:55:56","modified_gmt":"2005-11-28T19:55:56","slug":"spotkanie-jana-dworaka-z-dziennikarzami","status":"publish","type":"post","link":"https:\/\/mediarun.com\/pl\/media\/tv\/spotkanie-jana-dworaka-z-dziennikarzami.html","title":{"rendered":"Spotkanie Jana Dworaka z dziennikarzami"},"content":{"rendered":"<p>Prezes Dworak okre\u015bli\u0142 sytuacj\u0119 TVP jako stabiln\u0105, cho\u0107 przyzna\u0142, \u017ce niepokoj\u0105ce jest, i\u017c w tym roku po raz pierwszy przychody z abonamentu stanowi\u0105 poni\u017cej 30 proc. og\u00f3lnych wp\u0142yw\u00f3w Sp\u00f3\u0142ki. Spowodowane jest to, jak zauwa\u017cy\u0142, coraz ni\u017csz\u0105 \u015bci\u0105galno\u015bci\u0105 op\u0142at z tytu\u0142u posiadania odbiornika telewizyjnego. Polska wyra\u017anie odbiega w tym wzgl\u0119dzie od standard\u00f3w europejskich &#8211; w krajach zachodniej Europy \u015bci\u0105galno\u015b\u0107 abonamentu jest kilkukrotnie wy\u017csza. &#8211; Popr\u0119 ka\u017cde rozwi\u0105zanie, kt\u00f3re zapewni nam wzrost \u015bci\u0105galno\u015bci abonamentu &#8211; tak prezes ustosunkowa\u0142 si\u0119 do propozycji wprowadzenia podatku medialnego zawartej w projekcie nowelizacji Ustawy o radiofonii i telewizji przed\u0142o\u017conym przez PiS. <\/p>\n<p>Odnosz\u0105c si\u0119 do pyta\u0144 zwi\u0105zanych z projektem tej ustawy, Jan Dworak podkre\u015bla\u0142, \u017ce b\u0119dzie opowiada\u0142 si\u0119 za wszelkimi rozwi\u0105zaniami, kt\u00f3re zapewni\u0105 publicznym mediom niezale\u017cno\u015b\u0107 ekonomiczn\u0105 i polityczn\u0105. <\/p>\n<p>Pytany o zamierzenia Zarz\u0105du dotycz\u0105ce przysz\u0142ego roku stwierdzi\u0142, \u017ce kluczowym dla rozwoju Sp\u00f3\u0142ki b\u0119dzie zwi\u0119kszanie nak\u0142ad\u00f3w na produkcj\u0119 program\u00f3w, w tym tak\u017ce rozw\u00f3j kolejnych kana\u0142\u00f3w tematycznych, mi\u0119dzy innymi rozrywkowego, dokumentalnego, sportowego oraz informacyjnego. Jednocze\u015bnie zwr\u00f3ci\u0142 uwag\u0119, \u017ce ma podstawy do optymizmu w sprawie zwi\u0119kszenia dost\u0119pno\u015bci kana\u0142u TVP Kultura. &#8211; Rozmowy z przedstawicielami organizacji zrzeszaj\u0105cej operator\u00f3w kablowych s\u0105 bliskie zako\u0144czenia i problem ten powinien zosta\u0107 rozwi\u0105zany w najbli\u017cszych tygodniach. W 2006 roku priorytetem obj\u0119te zostan\u0105 tak\u017ce inwestycje w technologi\u0119 HDTV. W tym standardzie produkowane s\u0105 ju\u017c telewizyjne spektakle i niekt\u00f3re widowiska artystyczne emitowane w TVP. To technologia, kt\u00f3r\u0105 rekomenduje Europejska Unia Nadawc\u00f3w (EBU). Telewizja Polska, jako cz\u0142onek tej organizacji, zamierza przeznaczy\u0107 znaczne \u015brodki na wdra\u017canie tej technologii. <\/p>\n<p>Zdaniem prezesa Dworaka, bardzo korzystny wp\u0142yw na sytuacj\u0119 w Sp\u00f3\u0142ce mia\u0142o niedawne orzeczenie s\u0105du powszechnego w sprawie Marka Ostrowskiego, cz\u0142onka Rady Nadzorczej TVP. &#8211; Szczeg\u00f3lnie cieszy mnie to, \u017ce ostry sp\u00f3r o charakterze politycznym uda\u0142o si\u0119 rozstrzygn\u0105\u0107 w oparciu o demokratyczn\u0105 instytucj\u0119, jak\u0105 jest niezawis\u0142y s\u0105d. Orzeczenie potwierdza s\u0142uszno\u015b\u0107 post\u0119powania Zarz\u0105du TVP, kt\u00f3ry nie podda\u0142 si\u0119 zewn\u0119trznym naciskom i dochowa\u0142 wszelkich procedur obowi\u0105zuj\u0105cych Sp\u00f3\u0142k\u0119 &#8211; stwierdzi\u0142 na zako\u0144czenie spotkania Jan Dworak.<\/p>\n","protected":false},"excerpt":{"rendered":"W poniedzia\u0142ek, 28 listopada br. odby\u0142o si\u0119 kolejne z cyklicznych spotka\u0144 prezesa Zarz\u0105du TVP S.A z dziennikarzami specjalizuj\u0105cymi si\u0119 w tematyce medi\u00f3w elektronicznych. W trakcie ponad dwugodzinnej dyskusji poruszono wiele temat\u00f3w zwi\u0105zanych z bie\u017c\u0105c\u0105 dzia\u0142alno\u015bci\u0105 Sp\u00f3\u0142ki, rynkiem medi\u00f3w w Polsce i Europie oraz planami inwestycyjnymi i programowymi TVP na najbli\u017csze miesi\u0105ce.","protected":false},"author":1,"featured_media":84608,"comment_status":"open","ping_status":"closed","sticky":false,"template":"","format":"standard","meta":{"csco_display_header_overlay":false,"csco_singular_sidebar":"","csco_page_header_type":"","csco_page_load_nextpost":"","csco_post_video_location":[],"csco_post_video_location_hash":"","csco_post_video_url":"","csco_post_video_bg_start_time":0,"csco_post_video_bg_end_time":0,"footnotes":""},"categories":[9670],"tags":[],"class_list":{"0":"post-84607","1":"post","2":"type-post","3":"status-publish","4":"format-standard","5":"has-post-thumbnail","7":"category-tv","8":"cs-entry","9":"cs-video-wrap"},"_links":{"self":[{"href":"https:\/\/mediarun.com\/pl\/wp-json\/wp\/v2\/posts\/84607","targetHints":{"allow":["GET"]}}],"collection":[{"href":"https:\/\/mediarun.com\/pl\/wp-json\/wp\/v2\/posts"}],"about":[{"href":"https:\/\/mediarun.com\/pl\/wp-json\/wp\/v2\/types\/post"}],"author":[{"embeddable":true,"href":"https:\/\/mediarun.com\/pl\/wp-json\/wp\/v2\/users\/1"}],"replies":[{"embeddable":true,"href":"https:\/\/mediarun.com\/pl\/wp-json\/wp\/v2\/comments?post=84607"}],"version-history":[{"count":0,"href":"https:\/\/mediarun.com\/pl\/wp-json\/wp\/v2\/posts\/84607\/revisions"}],"wp:featuredmedia":[{"embeddable":true,"href":"https:\/\/mediarun.com\/pl\/wp-json\/wp\/v2\/media\/84608"}],"wp:attachment":[{"href":"https:\/\/mediarun.com\/pl\/wp-json\/wp\/v2\/media?parent=84607"}],"wp:term":[{"taxonomy":"category","embeddable":true,"href":"https:\/\/mediarun.com\/pl\/wp-json\/wp\/v2\/categories?post=84607"},{"taxonomy":"post_tag","embeddable":true,"href":"https:\/\/mediarun.com\/pl\/wp-json\/wp\/v2\/tags?post=84607"}],"curies":[{"name":"wp","href":"https:\/\/api.w.org\/{rel}","templated":true}]}}