{"id":84582,"date":"2005-11-28T23:56:19","date_gmt":"2005-11-28T22:56:19","guid":{"rendered":"https:\/\/mediarun.com\/index.php\/news-posts\/tvp-juz-nie-chce-pieniedzy-od-operatorow\/"},"modified":"2005-11-28T23:56:19","modified_gmt":"2005-11-28T22:56:19","slug":"tvp-juz-nie-chce-pieniedzy-od-operatorow","status":"publish","type":"post","link":"https:\/\/mediarun.com\/pl\/media\/tv\/tvp-juz-nie-chce-pieniedzy-od-operatorow.html","title":{"rendered":"TVP ju\u017c nie chce pieni\u0119dzy od operator\u00f3w"},"content":{"rendered":"<p>&#8211; Zmienili\u015bmy nasz\u0105 strategi\u0119 negocjacyjn\u0105, gdy\u017c Polska Izba Komunikacji Elektronicznej (PIKE) podpisa\u0142a umowy na nieodp\u0142atn\u0105 reemisj\u0119 sygna\u0142u Polsatu oraz TVN &#8211; wyja\u015bni\u0142 wczoraj prezes TVP Jan Dworak na spotkaniu z dziennikarzami. Zaznaczy\u0142, \u017ce rozmowy z Izb\u0105 wci\u0105\u017c trwaj\u0105. Do prze\u0142omowego spotkania mi\u0119dzy nadawc\u0105 publicznym a szefami PIKE dosz\u0142o podczas kongresu PIKE 18 listopada w krakowskim hotelu &#8222;Pod r\u00f3\u017c\u0105&#8221;. Omawiano tam r\u00f3wnie\u017c kwestie zwi\u0105zane z planowanym startem kolejnych kana\u0142\u00f3w tematycznych TVP. &#8211; Nie wszystkie z nich b\u0119d\u0105 bezp\u0142atne, jak TVP Kultura &#8211; zaznaczy\u0142 szef TVP.<\/p>\n<p>&#8211; Cieszymy si\u0119 z deklaracji TVP. Szczeg\u00f3lnie teraz, kiedy wznowili\u015bmy rozmowy w sprawie podpisania porozumienia na emisj\u0119 programu TV Kultura i innych kana\u0142\u00f3w tematycznych w sieciach naszych cz\u0142onk\u00f3w. Mamy nadziej\u0119, \u017ce porozumienie zostanie podpisane w ci\u0105gu najbli\u017cszych tygodni &#8211; m\u00f3wi &#8222;GW&#8221; Jerzy Straszewski, prezes PIKE.<\/p>\n<p>&#8211; O tym, \u017ce telewizja publiczna \u017c\u0105da od sieci kablowych op\u0142at za retransmisj\u0119 swych program\u00f3w napisali\u015bmy po raz pierwszy w czerwcu. Pomys\u0142 zbulwersowa\u0142 operator\u00f3w i wywo\u0142a\u0142 du\u017ce w\u0105tpliwo\u015bci w\u015br\u00f3d prawnik\u00f3w. Jedni i drudzy powo\u0142ywali si\u0119 na Ustaw\u0119 o radiofonii i telewizji, kt\u00f3ra zobowi\u0105zuje operator\u00f3w do wprowadzenia do swoich sieci w pierwszej kolejno\u015bci og\u00f3lnokrajowych i regionalnych program\u00f3w radiofonii i telewizji publicznej, a wi\u0119c TVP1, TVP2 oraz TVP3. Telewizja publiczna by\u0142a zdania, \u017ce zapis ten nie obliguje operator\u00f3w do w\u0142\u0105czenia program\u00f3w TVP. &#8211; donosi &#8222;Gazeta Wyborcza&#8221;<\/p>\n<p>&#8211; Sytuacja ekonomiczna sp\u00f3\u0142ki jest stabilna, cho\u0107 w pa\u017adzierniku tego roku op\u0142aty abonamentowe stanowi\u0142y mniej ni\u017c 30 proc. naszych przychod\u00f3w &#8211; powiedzia\u0142 dziennikowi prezes TVP. Doda\u0142 on, \u017ce przysz\u0142y rok pod tym wzgl\u0119dem b\u0119dzie jeszcze trudniejszy, gdy\u017c telewizja nie dostanie od rz\u0105du refunadacji ulg kombatanckich. Mimo to skonsolidowane przychody firmy w 2006 r. wzrosn\u0105 &#8222;o kilka procent&#8221;, a to g\u0142\u00f3wnie za spraw\u0105 ekspansji TVP na rynku reklamowym. &#8211; My w tej chwili zale\u017cymy od tego rynku i na pewno nie wycofamy si\u0119 z niego w przysz\u0142ym roku, dop\u00f3ki ew \u017cycie nie wejd\u0105 konkretne i skuteczne sposoby \u015bciaganie abonamentu &#8211; deklaruje Jan Dworak w wypowiedzi dla &#8222;Gazety Wyborczej&#8221;. &#8211; Taka jest nasza odpowiedzialno\u015b\u0107 za sp\u00f3\u0142k\u0119 i za widza. Je\u015bli chcemy robi\u0107 programy misyjne, to musimy st\u0105pa\u0107 mocno po ziemi &#8211; podkre\u015bla. Wedug prezesa TVP w przysz\u0142ym roku sp\u00f3\u0142ka zamierza skupi\u0107 si\u0119 na inwestycjach w program oraz trechnolgie nadawania i produkcji.<\/p>\n","protected":false},"excerpt":{"rendered":"Nie b\u0119dzie &#8222;podw\u00f3jnego abonamentu&#8221; na rzecz TVP &#8211; klienci sieci kablowych mog\u0105 odetchn\u0105c z ulg\u0105. Nadawca publiczny wycofa\u0142 si\u0119 z pomys\u0142u pobierania od kabl\u00f3wek dodatkowych op\u0142at za retransmisj\u0119 swoich program\u00f3w: TVP1, TVP2, TVP3 oraz TVP Kultura &#8211; informuje &#8222;Gazeta Wyborcza&#8221;","protected":false},"author":1,"featured_media":84583,"comment_status":"open","ping_status":"closed","sticky":false,"template":"","format":"standard","meta":{"csco_display_header_overlay":false,"csco_singular_sidebar":"","csco_page_header_type":"","csco_page_load_nextpost":"","csco_post_video_location":[],"csco_post_video_location_hash":"","csco_post_video_url":"","csco_post_video_bg_start_time":0,"csco_post_video_bg_end_time":0,"footnotes":""},"categories":[9670],"tags":[],"class_list":{"0":"post-84582","1":"post","2":"type-post","3":"status-publish","4":"format-standard","5":"has-post-thumbnail","7":"category-tv","8":"cs-entry","9":"cs-video-wrap"},"_links":{"self":[{"href":"https:\/\/mediarun.com\/pl\/wp-json\/wp\/v2\/posts\/84582","targetHints":{"allow":["GET"]}}],"collection":[{"href":"https:\/\/mediarun.com\/pl\/wp-json\/wp\/v2\/posts"}],"about":[{"href":"https:\/\/mediarun.com\/pl\/wp-json\/wp\/v2\/types\/post"}],"author":[{"embeddable":true,"href":"https:\/\/mediarun.com\/pl\/wp-json\/wp\/v2\/users\/1"}],"replies":[{"embeddable":true,"href":"https:\/\/mediarun.com\/pl\/wp-json\/wp\/v2\/comments?post=84582"}],"version-history":[{"count":0,"href":"https:\/\/mediarun.com\/pl\/wp-json\/wp\/v2\/posts\/84582\/revisions"}],"wp:featuredmedia":[{"embeddable":true,"href":"https:\/\/mediarun.com\/pl\/wp-json\/wp\/v2\/media\/84583"}],"wp:attachment":[{"href":"https:\/\/mediarun.com\/pl\/wp-json\/wp\/v2\/media?parent=84582"}],"wp:term":[{"taxonomy":"category","embeddable":true,"href":"https:\/\/mediarun.com\/pl\/wp-json\/wp\/v2\/categories?post=84582"},{"taxonomy":"post_tag","embeddable":true,"href":"https:\/\/mediarun.com\/pl\/wp-json\/wp\/v2\/tags?post=84582"}],"curies":[{"name":"wp","href":"https:\/\/api.w.org\/{rel}","templated":true}]}}