{"id":84578,"date":"2005-11-29T06:00:00","date_gmt":"2005-11-29T05:00:00","guid":{"rendered":"https:\/\/mediarun.com\/index.php\/news-posts\/krrit-powinna-liczyc-pieciu-czlonkow\/"},"modified":"2005-11-29T06:00:00","modified_gmt":"2005-11-29T05:00:00","slug":"krrit-powinna-liczyc-pieciu-czlonkow","status":"publish","type":"post","link":"https:\/\/mediarun.com\/pl\/media\/tv\/krrit-powinna-liczyc-pieciu-czlonkow.html","title":{"rendered":"KRRiT powinna liczy\u0107 pi\u0119ciu cz\u0142onk\u00f3w"},"content":{"rendered":"<p><P>os\u00f3b, kt\u00f3re nie s\u0105 politykami. Dworak liczy na to, \u017ce uda si\u0119 zrealizowa\u0107 taki pomys\u0142 na KRRiT. <\/P><br \/>\n<P>&#8211; Aby instytucja ta mia\u0142a charakter rady, powinna liczy\u0107 pi\u0119ciu cz\u0142onk\u00f3w. Trzeba znale\u017a\u0107 mechanizm, zgodnie z kt\u00f3rym cz\u0142onkami KRRiT nie zostaj\u0105 politycy. Wiadomo, \u017ce to jest bardzo trudne, ale mo\u017ce powoli taki czas nadchodzi &#8211; powiedzia\u0142 szef TVP w poniedzia\u0142ek na spotkaniu z dziennikarzami. Wed\u0142ug niego, pomys\u0142 Prawa i Sprawiedliwo\u015bci, aby Rada liczy\u0142a trzech cz\u0142onk\u00f3w, jest z\u0142y. <\/P><br \/>\n<P>Dworak wyja\u015bni\u0142, \u017ce wa\u017cne jest dla niego, i\u017c projekt nowelizacji ustawy o rtv pilotuje ze strony PiS w\u0142a\u015bnie Sellin. &#8222;Jego pogl\u0105dy znam, \u015bledz\u0119, obserwuj\u0119 i wiem, \u017ce s\u0105 do\u015b\u0107 sta\u0142e&#8221; &#8211; powiedzia\u0142 szef TVP.<\/P><br \/>\n<P>Odnosz\u0105c si\u0119 do ukazuj\u0105cych si\u0119 ostatnio w prasie artyku\u0142\u00f3w o planach polityk\u00f3w z PiS dotycz\u0105cych zwi\u0119kszenia ich wp\u0142yw\u00f3w w mediach publicznych prezes TVP powiedzia\u0142: &#8222;sytuacja w sp\u00f3\u0142ce jest dobra i po wyborach nie zauwa\u017ca si\u0119 jakich\u015b szczeg\u00f3lnych zmian&#8221;. <\/P><br \/>\n<P>Jak doda\u0142, &#8222;bywaj\u0105 przyk\u0142ady, jak wsz\u0119dzie, serwilizmu, ale to jest margines&#8221;. Pytany o to, na czym polega \u00f3w serwilizm, powiedzia\u0142, \u017ce zaznacza si\u0119 w\u015br\u00f3d niekt\u00f3rych dziennikarzy &#8222;ch\u0119\u0107 potraktowania si\u0142 zewn\u0119trznych jako si\u0142 wspieraj\u0105cych kariery osobiste&#8221;. Wed\u0142ug niego, te zabiegi nie s\u0105 skuteczne.<\/P><\/p>\n","protected":false},"excerpt":{"rendered":"Prezes TVP Jan Dworak uwa\u017ca, \u017ce Krajowa Rada Radiofonii i Telewizji powinna sk\u0142ada\u0107 si\u0119 z pi\u0119ciu cz\u0142onk\u00f3w, wybranych spo\u015br\u00f3d&#8230;","protected":false},"author":1,"featured_media":84579,"comment_status":"open","ping_status":"closed","sticky":false,"template":"","format":"standard","meta":{"csco_display_header_overlay":false,"csco_singular_sidebar":"","csco_page_header_type":"","csco_page_load_nextpost":"","csco_post_video_location":[],"csco_post_video_location_hash":"","csco_post_video_url":"","csco_post_video_bg_start_time":0,"csco_post_video_bg_end_time":0,"footnotes":""},"categories":[9670],"tags":[],"class_list":{"0":"post-84578","1":"post","2":"type-post","3":"status-publish","4":"format-standard","5":"has-post-thumbnail","7":"category-tv","8":"cs-entry","9":"cs-video-wrap"},"_links":{"self":[{"href":"https:\/\/mediarun.com\/pl\/wp-json\/wp\/v2\/posts\/84578","targetHints":{"allow":["GET"]}}],"collection":[{"href":"https:\/\/mediarun.com\/pl\/wp-json\/wp\/v2\/posts"}],"about":[{"href":"https:\/\/mediarun.com\/pl\/wp-json\/wp\/v2\/types\/post"}],"author":[{"embeddable":true,"href":"https:\/\/mediarun.com\/pl\/wp-json\/wp\/v2\/users\/1"}],"replies":[{"embeddable":true,"href":"https:\/\/mediarun.com\/pl\/wp-json\/wp\/v2\/comments?post=84578"}],"version-history":[{"count":0,"href":"https:\/\/mediarun.com\/pl\/wp-json\/wp\/v2\/posts\/84578\/revisions"}],"wp:featuredmedia":[{"embeddable":true,"href":"https:\/\/mediarun.com\/pl\/wp-json\/wp\/v2\/media\/84579"}],"wp:attachment":[{"href":"https:\/\/mediarun.com\/pl\/wp-json\/wp\/v2\/media?parent=84578"}],"wp:term":[{"taxonomy":"category","embeddable":true,"href":"https:\/\/mediarun.com\/pl\/wp-json\/wp\/v2\/categories?post=84578"},{"taxonomy":"post_tag","embeddable":true,"href":"https:\/\/mediarun.com\/pl\/wp-json\/wp\/v2\/tags?post=84578"}],"curies":[{"name":"wp","href":"https:\/\/api.w.org\/{rel}","templated":true}]}}