{"id":84570,"date":"2005-11-29T06:00:00","date_gmt":"2005-11-29T05:00:00","guid":{"rendered":"https:\/\/mediarun.com\/index.php\/news-posts\/nowe-kanaly-tvp-w-przyszlym-roku\/"},"modified":"2005-11-29T06:00:00","modified_gmt":"2005-11-29T05:00:00","slug":"nowe-kanaly-tvp-w-przyszlym-roku","status":"publish","type":"post","link":"https:\/\/mediarun.com\/pl\/media\/tv\/nowe-kanaly-tvp-w-przyszlym-roku.html","title":{"rendered":"Nowe kana\u0142y TVP w przysz\u0142ym roku"},"content":{"rendered":"<p><P align=justify>Pierwsze dwa kana\u0142y ruszy\u0107 maj\u0105 ju\u017c na pocz\u0105tku przysz\u0142ego roku. B\u0119d\u0105 to Rozrywka i Dokument. W nast\u0119pnej kolejno\u015bci ruszy\u0107 ma Sport, a dopiero potem ca\u0142odobowy kana\u0142 informacyjny, kt\u00f3ry ma by\u0107 konkurencj\u0105 dla TVN24. Razem z istniej\u0105cym ju\u017c kana\u0142em TVP Kultura wszystkich docelowo ma by\u0107 siedem. <\/P><br \/>\n<P align=justify>&#8211;&nbsp;Cz\u0119\u015b\u0107 z tych program\u00f3w b\u0119dzie kodowana&nbsp;&#8211; zapowiedzia\u0142 podczas wczorajszego spotkania z dziennikarzami Jan Dworak, prezes TVP.<\/P><br \/>\n<P align=justify>Dwa pierwsze kana\u0142y kosztowa\u0107 maj\u0105 TVP oko\u0142o 12 mln z\u0142. TVP Kultura, kt\u00f3ra ruszy\u0142a w kwietniu, poch\u0142onie w tym roku oko\u0142o 25 mln z\u0142. Program ma jednak znikom\u0105 ogl\u0105dalno\u015b\u0107. Wszystko dlatego, \u017ce kana\u0142 nie jest dost\u0119pny u wi\u0119kszo\u015bci operator\u00f3w kablowych. Prezes Dworak t\u0142umaczy\u0142 wczoraj, \u017ce kana\u0142y tematyczne to odpowied\u017a na potrzeby widz\u00f3w. Przyzna\u0142 jednak, \u017ce tak\u017ce spos\u00f3b na zwi\u0119kszenie udzia\u0142\u00f3w w rynku reklamy i odpowied\u017a na poczynania konkurencji. TVN ma ju\u017c sze\u015b\u0107 kana\u0142\u00f3w tematycznych, a wkr\u00f3tce uruchomi kolejne. Jan Wejchert w rozmowie z &#8222;GP&#8221; przyzna\u0142, \u017ce w przysz\u0142ym roku mo\u017ce ruszy\u0107 kana\u0142 sportowy TVN. Swoje kana\u0142y tematyczne, jak zapowiedzia\u0142 &#8222;GP&#8221; Zygmunt Solorz-\u017bak, zamierza rozwija\u0107 te\u017c Polsat. <\/P><br \/>\n<P align=justify>Kana\u0142y tematyczne maj\u0105 by\u0107 sposobem na zwi\u0119kszenie wp\u0142yw\u00f3w z reklamy, tym bardziej \u017ce w tym roku TVP ma mniej pieni\u0119dzy z abonamentu. Jan Dworak przyzna\u0142 wczoraj, \u017ce po raz pierwszy w tym roku wp\u0142ywy z abonamentu b\u0119d\u0105 ni\u017csze ni\u017c 30 proc. w strukturze przychod\u00f3w telewizji.<\/P><\/p>\n","protected":false},"excerpt":{"rendered":"Cztery kana\u0142y tematyczne zamierza uruchomi\u0107 w 2006 roku telewizja publiczna. To cios w TVN i Polsat, kt\u00f3rym publiczny nadawca chce odebra\u0107 widz\u00f3w i reklamodawc\u00f3w.","protected":false},"author":1,"featured_media":84571,"comment_status":"open","ping_status":"closed","sticky":false,"template":"","format":"standard","meta":{"csco_display_header_overlay":false,"csco_singular_sidebar":"","csco_page_header_type":"","csco_page_load_nextpost":"","csco_post_video_location":[],"csco_post_video_location_hash":"","csco_post_video_url":"","csco_post_video_bg_start_time":0,"csco_post_video_bg_end_time":0,"footnotes":""},"categories":[9670],"tags":[],"class_list":{"0":"post-84570","1":"post","2":"type-post","3":"status-publish","4":"format-standard","5":"has-post-thumbnail","7":"category-tv","8":"cs-entry","9":"cs-video-wrap"},"_links":{"self":[{"href":"https:\/\/mediarun.com\/pl\/wp-json\/wp\/v2\/posts\/84570","targetHints":{"allow":["GET"]}}],"collection":[{"href":"https:\/\/mediarun.com\/pl\/wp-json\/wp\/v2\/posts"}],"about":[{"href":"https:\/\/mediarun.com\/pl\/wp-json\/wp\/v2\/types\/post"}],"author":[{"embeddable":true,"href":"https:\/\/mediarun.com\/pl\/wp-json\/wp\/v2\/users\/1"}],"replies":[{"embeddable":true,"href":"https:\/\/mediarun.com\/pl\/wp-json\/wp\/v2\/comments?post=84570"}],"version-history":[{"count":0,"href":"https:\/\/mediarun.com\/pl\/wp-json\/wp\/v2\/posts\/84570\/revisions"}],"wp:featuredmedia":[{"embeddable":true,"href":"https:\/\/mediarun.com\/pl\/wp-json\/wp\/v2\/media\/84571"}],"wp:attachment":[{"href":"https:\/\/mediarun.com\/pl\/wp-json\/wp\/v2\/media?parent=84570"}],"wp:term":[{"taxonomy":"category","embeddable":true,"href":"https:\/\/mediarun.com\/pl\/wp-json\/wp\/v2\/categories?post=84570"},{"taxonomy":"post_tag","embeddable":true,"href":"https:\/\/mediarun.com\/pl\/wp-json\/wp\/v2\/tags?post=84570"}],"curies":[{"name":"wp","href":"https:\/\/api.w.org\/{rel}","templated":true}]}}