{"id":84551,"date":"2005-11-29T08:35:41","date_gmt":"2005-11-29T07:35:41","guid":{"rendered":"https:\/\/mediarun.com\/index.php\/news-posts\/informacyjny-kanal-tvp-w-2006-r\/"},"modified":"2005-11-29T08:35:41","modified_gmt":"2005-11-29T07:35:41","slug":"informacyjny-kanal-tvp-w-2006-r","status":"publish","type":"post","link":"https:\/\/mediarun.com\/pl\/media\/tv\/informacyjny-kanal-tvp-w-2006-r.html","title":{"rendered":"Informacyjny kana\u0142 TVP w 2006 r."},"content":{"rendered":"<p>Dworak poinformowa\u0142 dziennikarzy, i\u017c terminy uruchomienia kana\u0142\u00f3w: rozrywkowego, dokumentalnego, sportowego i informacyjnego zale\u017c\u0105 od tego, jak szybko KRRiT udzieli koncesji na nie. Na razie w gr\u0119 wchodzi emisja poprzez platformy cyfrowe (Cyfra+ i Cyfrowy Polsat), satelit\u0119 Astra, a tak\u017ce sieci kablowe. W przysz\u0142o\u015bci TVP b\u0119dzie w stanie zape\u0142ni\u0107 ca\u0142y multipleks cyfrowej telewizji naziemnej. <\/p>\n<p>Pierwotnie zamiast kana\u0142u informacyjnego powsta\u0107 mia\u0142 program transmituj\u0105cy obrady parlamentu. TVP jednak postanowi\u0142a wycofa\u0107 si\u0119 z tych plan\u00f3w i rozszerzy\u0107 tematyk\u0119 nowej stacji. Uruchomienie TVP24 mo\u017ce zwolni\u0107 troch\u0119 miejsca na tre\u015bci regionalne w TVP3. &#8222;Tr\u00f3jka&#8221; mia\u0142a by\u0107 jak dotychczas odpowiedzi\u0105 na dzia\u0142alno\u015b\u0107 TVN24, mimo lepszych wynik\u00f3w ogl\u0105dalno\u015bci od konkurencji &#8211; nieudan\u0105. <\/p>\n<p>&#8211; Jako pierwsze rusz\u0105 ju\u017c za dwa miesi\u0105ce dwa projekty &#8211; TVP Dokument oraz TVP Rozrywka. W przysz\u0142ym roku maj\u0105 poch\u0142on\u0105\u0107 w sumie blisko 12 mln z\u0142. Pierwszy z nich ma by\u0107 kana\u0142em dokumentalno-historycznym i edukacyjnym, wykorzystuj\u0105cym archiwa telewizji publicznej. Widzowie znajd\u0105 w nim powa\u017cne produkcje dokumentalne, a tak\u017ce filmy popularno-naukowe, przyrodnicze i krajoznawcze, pochodz\u0105ce z polskich archiw\u00f3w filmowych: TVP, Filmoteki Narodowej, WFD czy WFO. Z zasob\u00f3w telewizji publicznej b\u0119dzie korzysta\u0107 r\u00f3wnie\u017c TVP Rozrywka. Widz znajdzie tu festiwale, koncerty, kabarety, recitale i teledyski &#8211; archiwalne i wsp\u00f3\u0142czesne. &#8211; pisa\u0142a niedawno &#8222;Gazeta Wyborcza&#8221;<\/p>\n","protected":false},"excerpt":{"rendered":"Poza zapowiadanymi wcze\u015bniej kana\u0142ami tematycznymi TVP, w przysz\u0142ym roku wystartowa\u0107 ma tak\u017ce program informacyjny. Zapowiedzia\u0142 to prezes Telewizji Polskiej, Jan Dworak podczas poniedzia\u0142kowego spotkania z dziennikarzami.  Jedn\u0105 z sugerowanych nazw dla stacji jest TVP24.","protected":false},"author":1,"featured_media":84552,"comment_status":"open","ping_status":"closed","sticky":false,"template":"","format":"standard","meta":{"csco_display_header_overlay":false,"csco_singular_sidebar":"","csco_page_header_type":"","csco_page_load_nextpost":"","csco_post_video_location":[],"csco_post_video_location_hash":"","csco_post_video_url":"","csco_post_video_bg_start_time":0,"csco_post_video_bg_end_time":0,"footnotes":""},"categories":[9670],"tags":[],"class_list":{"0":"post-84551","1":"post","2":"type-post","3":"status-publish","4":"format-standard","5":"has-post-thumbnail","7":"category-tv","8":"cs-entry","9":"cs-video-wrap"},"_links":{"self":[{"href":"https:\/\/mediarun.com\/pl\/wp-json\/wp\/v2\/posts\/84551","targetHints":{"allow":["GET"]}}],"collection":[{"href":"https:\/\/mediarun.com\/pl\/wp-json\/wp\/v2\/posts"}],"about":[{"href":"https:\/\/mediarun.com\/pl\/wp-json\/wp\/v2\/types\/post"}],"author":[{"embeddable":true,"href":"https:\/\/mediarun.com\/pl\/wp-json\/wp\/v2\/users\/1"}],"replies":[{"embeddable":true,"href":"https:\/\/mediarun.com\/pl\/wp-json\/wp\/v2\/comments?post=84551"}],"version-history":[{"count":0,"href":"https:\/\/mediarun.com\/pl\/wp-json\/wp\/v2\/posts\/84551\/revisions"}],"wp:featuredmedia":[{"embeddable":true,"href":"https:\/\/mediarun.com\/pl\/wp-json\/wp\/v2\/media\/84552"}],"wp:attachment":[{"href":"https:\/\/mediarun.com\/pl\/wp-json\/wp\/v2\/media?parent=84551"}],"wp:term":[{"taxonomy":"category","embeddable":true,"href":"https:\/\/mediarun.com\/pl\/wp-json\/wp\/v2\/categories?post=84551"},{"taxonomy":"post_tag","embeddable":true,"href":"https:\/\/mediarun.com\/pl\/wp-json\/wp\/v2\/tags?post=84551"}],"curies":[{"name":"wp","href":"https:\/\/api.w.org\/{rel}","templated":true}]}}