{"id":84537,"date":"2005-11-29T19:55:41","date_gmt":"2005-11-29T18:55:41","guid":{"rendered":"https:\/\/mediarun.com\/index.php\/news-posts\/jerzy-dudek-i-fundacja-dobry-start\/"},"modified":"2005-11-29T19:55:41","modified_gmt":"2005-11-29T18:55:41","slug":"jerzy-dudek-i-fundacja-dobry-start","status":"publish","type":"post","link":"https:\/\/mediarun.com\/pl\/trendy\/branding\/jerzy-dudek-i-fundacja-dobry-start.html","title":{"rendered":"Jerzy Dudek i fundacja Dobry Start"},"content":{"rendered":"<p>&#8222;- Cel fundacji jest prosty &#8211; budowa boisk pi\u0142karskich, ale te\u017c na przyk\u0142ad o\u015brodk\u00f3w rehabilitacyjnych, kt\u00f3re stwarza\u0142yby szans\u0119 startu m\u0142odym ludziom. Decyzj\u0119 o powo\u0142aniu fundacji podj\u0105\u0142em, kiedy po finale Ligi Mistrz\u00f3w przyjecha\u0142em do kraju na komuni\u0119 syna. Jan de Zeeuw (agent pi\u0142karza) powiedzia\u0142 mi &#8211; wiecznie gra\u0142 nie b\u0119dziesz, musisz sobie znale\u017a\u0107 jakie\u015b zaj\u0119cie.&#8221;<\/p>\n<p>&#8222;Pomys\u0142 jest kopi\u0105 fundacji Johana Cruyffa, kt\u00f3ra rocznie buduje 20 &#8211; 30 boisk. Ja by\u0142bym szcz\u0119\u015bliwy, gdyby uda\u0142o si\u0119 nam zbudowa\u0107 w roku pi\u0119\u0107 obiekt\u00f3w. Zale\u017cy mi na wykorzystaniu mojego sukcesu dla stworzenia mo\u017cliwo\u015bci innym.&#8221; &#8211; m\u00f3wi\u0142 Dudek.<\/p>\n<p>&#8222;Ja te\u017c kiedy\u015b mia\u0142em marzenia &#8211; wydawa\u0142o si\u0119, nierealne. A rzeczywisto\u015b\u0107 okaza\u0142a si\u0119 inna. Wiem, \u017ce zdobywanie \u015brodk\u00f3w nie b\u0119dzie \u0142atwe. Ja daj\u0119 gwarancj\u0119 w\u0142a\u015bciwego wykorzystania pieni\u0119dzy.&#8221; <\/p>\n<p>Jak donosi PZPN, Dudek chcia\u0142by, aby jedno z pierwszych boisk powsta\u0142o w jego rodzinnym Knurowie. &#8211; Najlepiej ko\u0142o szko\u0142y. To takie moje marzenie i odp\u0142acenie za wsparcie, na jakie mog\u0119 tu zawsze liczy\u0107 &#8211; w tych dobrych, ale i w tych gorszych chwilach &#8211; doda\u0142 pi\u0142karz.<\/p>\n","protected":false},"excerpt":{"rendered":"&#8222;Bramkarz reprezentacji Polski i Liverpool FC Jerzy Dudek zainaugurowa\u0142 w poniedzia\u0142ek w Chorzowie dzia\u0142alno\u015b\u0107 za\u0142o\u017conej przez siebie fundacji promocji sportu >Dobry start","protected":false},"author":1,"featured_media":0,"comment_status":"open","ping_status":"closed","sticky":false,"template":"","format":"standard","meta":{"csco_display_header_overlay":false,"csco_singular_sidebar":"","csco_page_header_type":"","csco_page_load_nextpost":"","csco_post_video_location":[],"csco_post_video_location_hash":"","csco_post_video_url":"","csco_post_video_bg_start_time":0,"csco_post_video_bg_end_time":0,"footnotes":""},"categories":[9658],"tags":[],"class_list":{"0":"post-84537","1":"post","2":"type-post","3":"status-publish","4":"format-standard","6":"category-branding","7":"cs-entry","8":"cs-video-wrap"},"_links":{"self":[{"href":"https:\/\/mediarun.com\/pl\/wp-json\/wp\/v2\/posts\/84537","targetHints":{"allow":["GET"]}}],"collection":[{"href":"https:\/\/mediarun.com\/pl\/wp-json\/wp\/v2\/posts"}],"about":[{"href":"https:\/\/mediarun.com\/pl\/wp-json\/wp\/v2\/types\/post"}],"author":[{"embeddable":true,"href":"https:\/\/mediarun.com\/pl\/wp-json\/wp\/v2\/users\/1"}],"replies":[{"embeddable":true,"href":"https:\/\/mediarun.com\/pl\/wp-json\/wp\/v2\/comments?post=84537"}],"version-history":[{"count":0,"href":"https:\/\/mediarun.com\/pl\/wp-json\/wp\/v2\/posts\/84537\/revisions"}],"wp:attachment":[{"href":"https:\/\/mediarun.com\/pl\/wp-json\/wp\/v2\/media?parent=84537"}],"wp:term":[{"taxonomy":"category","embeddable":true,"href":"https:\/\/mediarun.com\/pl\/wp-json\/wp\/v2\/categories?post=84537"},{"taxonomy":"post_tag","embeddable":true,"href":"https:\/\/mediarun.com\/pl\/wp-json\/wp\/v2\/tags?post=84537"}],"curies":[{"name":"wp","href":"https:\/\/api.w.org\/{rel}","templated":true}]}}