{"id":84511,"date":"2005-11-30T06:00:00","date_gmt":"2005-11-30T05:00:00","guid":{"rendered":"https:\/\/mediarun.com\/index.php\/news-posts\/medale-80-lecia-pr\/"},"modified":"2005-11-30T06:00:00","modified_gmt":"2005-11-30T05:00:00","slug":"medale-80-lecia-pr","status":"publish","type":"post","link":"https:\/\/mediarun.com\/pl\/wydarzenia\/medale-80-lecia-pr.html","title":{"rendered":"Medale 80-lecia PR"},"content":{"rendered":"<p>Medalami odznaczono osoby zaanga\u017cowane i oddane Polskiemu Radiu, kt\u00f3re wzbudzi\u0142y szacunek i sympati\u0119 pracownik\u00f3w oraz s\u0142uchaczy. <BR><BR>28 i 29 listopada Zarz\u0105d PR SA osobi\u015bcie wr\u0119czy\u0142 Medale 80-lecia tym wyj\u0105tkowym osobom. Honorowe Medale 80-lecia z r\u0105k Zarz\u0105du PR SA otrzyma\u0142o 223 osoby. W\u015br\u00f3d laureat\u00f3w znalaz\u0142y si\u0119 m.in. takie znakomito\u015bci jak: Maryla Rodowicz, Gra\u017cyna Barszczewska, Jerzy Maksymiuk, Barbara Wachowicz, Wojciech M\u0142ynarski, Bogus\u0142aw Kaczy\u0144ski. <BR><BR>Okoliczno\u015bciowe medale wybi\u0142a Mennica Pa\u0144stwowa, a projekt przygotowa\u0142o Studio P &#8211; Andrzeja P\u0105gowskiego.<BR><BR><BR><\/p>\n","protected":false},"excerpt":{"rendered":"W roku Jubileuszu 80-lecia Zarz\u0105d Polskiego Radia SA postanowi\u0142 uhonorowa\u0107 wszystkich tych, kt\u00f3rych praca w spos\u00f3b wyj\u0105tkowy zapisa\u0142a si\u0119 na kartach historii radia.","protected":false},"author":1,"featured_media":84512,"comment_status":"open","ping_status":"closed","sticky":false,"template":"","format":"standard","meta":{"csco_display_header_overlay":false,"csco_singular_sidebar":"","csco_page_header_type":"","csco_page_load_nextpost":"","csco_post_video_location":[],"csco_post_video_location_hash":"","csco_post_video_url":"","csco_post_video_bg_start_time":0,"csco_post_video_bg_end_time":0,"footnotes":""},"categories":[46],"tags":[],"class_list":{"0":"post-84511","1":"post","2":"type-post","3":"status-publish","4":"format-standard","5":"has-post-thumbnail","7":"category-wydarzenia","8":"cs-entry","9":"cs-video-wrap"},"_links":{"self":[{"href":"https:\/\/mediarun.com\/pl\/wp-json\/wp\/v2\/posts\/84511","targetHints":{"allow":["GET"]}}],"collection":[{"href":"https:\/\/mediarun.com\/pl\/wp-json\/wp\/v2\/posts"}],"about":[{"href":"https:\/\/mediarun.com\/pl\/wp-json\/wp\/v2\/types\/post"}],"author":[{"embeddable":true,"href":"https:\/\/mediarun.com\/pl\/wp-json\/wp\/v2\/users\/1"}],"replies":[{"embeddable":true,"href":"https:\/\/mediarun.com\/pl\/wp-json\/wp\/v2\/comments?post=84511"}],"version-history":[{"count":0,"href":"https:\/\/mediarun.com\/pl\/wp-json\/wp\/v2\/posts\/84511\/revisions"}],"wp:featuredmedia":[{"embeddable":true,"href":"https:\/\/mediarun.com\/pl\/wp-json\/wp\/v2\/media\/84512"}],"wp:attachment":[{"href":"https:\/\/mediarun.com\/pl\/wp-json\/wp\/v2\/media?parent=84511"}],"wp:term":[{"taxonomy":"category","embeddable":true,"href":"https:\/\/mediarun.com\/pl\/wp-json\/wp\/v2\/categories?post=84511"},{"taxonomy":"post_tag","embeddable":true,"href":"https:\/\/mediarun.com\/pl\/wp-json\/wp\/v2\/tags?post=84511"}],"curies":[{"name":"wp","href":"https:\/\/api.w.org\/{rel}","templated":true}]}}