{"id":84498,"date":"2005-11-30T08:59:59","date_gmt":"2005-11-30T07:59:59","guid":{"rendered":"https:\/\/mediarun.com\/index.php\/news-posts\/apteka-bez-barier-rozstrzygnieta\/"},"modified":"2005-11-30T08:59:59","modified_gmt":"2005-11-30T07:59:59","slug":"apteka-bez-barier-rozstrzygnieta","status":"publish","type":"post","link":"https:\/\/mediarun.com\/pl\/trendy\/branding\/apteka-bez-barier-rozstrzygnieta.html","title":{"rendered":"Apteka bez barier rozstrzygni\u0119ta"},"content":{"rendered":"<p>Pani Jadwiga zosta\u0142a dodatkowo uhonorowana tytu\u0142em APTEKARZA BEZ BARIER 2005 za prac\u0119 na rzecz poprawy komfortu korzystania z apteki przez osoby niepe\u0142nosprawne.<\/p>\n<p>Tegoroczna edycja rozpocz\u0119\u0142a si\u0119 1 kwietnia i trwa\u0142a do 30 wrze\u015bnia br. Wzi\u0119\u0142o w niej udzia\u0142 ponad 200 aptek z ca\u0142ej Polski. To du\u017co, zwa\u017cywszy, i\u017c w poprzednich trzech edycjach \u0142\u0105czna ilo\u015b\u0107 aptek, kt\u00f3re przyst\u0105pi\u0142y do konkursu, nie przekroczy\u0142a liczby 400.<\/p>\n<p>&#8222;Prowadzona od czterech lat kampania z roku na rok zyskuje coraz wi\u0119kszy rozg\u0142os<br \/>\nw bran\u017cy farmaceutycznej. Coraz wi\u0119cej aptekarzy wykazuje zainteresowanie Konkursem i, co najwa\u017cniejsze, coraz wi\u0119cej decyduje si\u0119 na dostosowanie swoich lokali aptecznych. Wiemy jednak, \u017ce wci\u0105\u017c jest przed nami du\u017co do zrobienia, dlatego prowadzimy kolejne edycje Konkursu&#8221; &#8211; powiedzia\u0142 Kazimierz Herba, prezes zarz\u0105du TORFARM S.A.<\/p>\n<p>Konkurs APTEKA BEZ BARIER jest jednym z element\u00f3w kampanii spo\u0142ecznej zainaugurowanej 1 pa\u017adziernika 2001 r. przez Stowarzyszenie Przyjaci\u00f3\u0142 Integracji, Fundacj\u0119 &#8222;Polska bez barier&#8221; oraz toru\u0144skiego dystrybutora lek\u00f3w, firm\u0119 Torfarm S.A.<\/p>\n<p>Kampania ma charakter informacyjno-edukacyjny, a jej g\u0142\u00f3wnym celem jest uwra\u017cliwienie \u015brodowiska farmaceutycznego na problematyk\u0119 barier architektonicznych<br \/>\ni mentalnych w polskich aptekach oraz zach\u0119canie w\u0142a\u015bcicieli aptek do udost\u0119pniania tych plac\u00f3wek dla os\u00f3b niepe\u0142nosprawnych. Kr\u0105g odbiorc\u00f3w Kampanii to przede wszystkim osoby niepe\u0142nosprawne. Jednak\u017ce apteka przystosowana pod tym k\u0105tem staje si\u0119 zarazem dost\u0119pna dla matek z w\u00f3zkiem czy ludzi starszych o obni\u017conej sprawno\u015bci.<\/p>\n","protected":false},"excerpt":{"rendered":"Dobieg\u0142a ko\u0144ca kolejna, IV ju\u017c edycja Konkursu Apteka bez barier. Jej laureatem zosta\u0142a szczeci\u0144ska apteka &#8222;Melisa&#8221;, prowadzona przez Pa\u0144stwa Jadwig\u0119 i Tomasza Policzkiewicz\u00f3w.","protected":false},"author":1,"featured_media":0,"comment_status":"open","ping_status":"closed","sticky":false,"template":"","format":"standard","meta":{"csco_display_header_overlay":false,"csco_singular_sidebar":"","csco_page_header_type":"","csco_page_load_nextpost":"","csco_post_video_location":[],"csco_post_video_location_hash":"","csco_post_video_url":"","csco_post_video_bg_start_time":0,"csco_post_video_bg_end_time":0,"footnotes":""},"categories":[9658],"tags":[],"class_list":{"0":"post-84498","1":"post","2":"type-post","3":"status-publish","4":"format-standard","6":"category-branding","7":"cs-entry","8":"cs-video-wrap"},"_links":{"self":[{"href":"https:\/\/mediarun.com\/pl\/wp-json\/wp\/v2\/posts\/84498","targetHints":{"allow":["GET"]}}],"collection":[{"href":"https:\/\/mediarun.com\/pl\/wp-json\/wp\/v2\/posts"}],"about":[{"href":"https:\/\/mediarun.com\/pl\/wp-json\/wp\/v2\/types\/post"}],"author":[{"embeddable":true,"href":"https:\/\/mediarun.com\/pl\/wp-json\/wp\/v2\/users\/1"}],"replies":[{"embeddable":true,"href":"https:\/\/mediarun.com\/pl\/wp-json\/wp\/v2\/comments?post=84498"}],"version-history":[{"count":0,"href":"https:\/\/mediarun.com\/pl\/wp-json\/wp\/v2\/posts\/84498\/revisions"}],"wp:attachment":[{"href":"https:\/\/mediarun.com\/pl\/wp-json\/wp\/v2\/media?parent=84498"}],"wp:term":[{"taxonomy":"category","embeddable":true,"href":"https:\/\/mediarun.com\/pl\/wp-json\/wp\/v2\/categories?post=84498"},{"taxonomy":"post_tag","embeddable":true,"href":"https:\/\/mediarun.com\/pl\/wp-json\/wp\/v2\/tags?post=84498"}],"curies":[{"name":"wp","href":"https:\/\/api.w.org\/{rel}","templated":true}]}}