{"id":84492,"date":"2005-11-30T09:05:36","date_gmt":"2005-11-30T08:05:36","guid":{"rendered":"https:\/\/mediarun.com\/index.php\/news-posts\/nowe-kanaly-tematyczne-telewizji-polskiej\/"},"modified":"2005-11-30T09:05:36","modified_gmt":"2005-11-30T08:05:36","slug":"nowe-kanaly-tematyczne-telewizji-polskiej","status":"publish","type":"post","link":"https:\/\/mediarun.com\/pl\/media\/tv\/nowe-kanaly-tematyczne-telewizji-polskiej.html","title":{"rendered":"Nowe kana\u0142y tematyczne Telewizji Polskiej"},"content":{"rendered":"<p>  &#8222;Projekty te s\u0105 propozycjami na tyle dojrza\u0142ymi, na tyle atrakcyjnymi i niezwykle warto\u015bciowymi spo\u0142ecznie, \u017ce &#8211; jak powiedzia\u0142 prezes Zarz\u0105du Jan Dworak &#8211; mog\u0105 by\u0107 udost\u0119pnione widzom w najbli\u017cszym czasie. Wymagaj\u0105 jeszcze formalnej rejestracji i uzyskania koncesji ze strony Krajowej Rady Radiofonii i Telewizji.&#8221;<\/p>\n<p>Zarz\u0105d TVP S.A.  zdecydowa\u0142 o z\u0142o\u017ceniu do KRRiT wniosk\u00f3w o rejestracj\u0119 i przyznanie TVP S.A. koncesji dopiero w momencie zako\u0144czenia rozm\u00f3w z Polsk\u0105 Izb\u0105 Komunikacji Elektronicznej, czyli operatorami sieci kablowych. Z ich strony Zarz\u0105d TVP S.A. oczekuje konkretnej pomocy przy prezentowaniu widzom produkcji telewizji publicznej. Ostatnie rozmowy z przedstawicielami PIKE daj\u0105 nadziej\u0119 na dobr\u0105 wsp\u00f3\u0142prac\u0119.<\/p>\n<p>Sportowy kana\u0142 tematyczny &#8211; zdaniem Roberta Korzeniowskiego &#8211; b\u0119dzie skierowany do polskiego kibica, ma te\u017c pe\u0142ni\u0107 funkcje misyjn\u0105, ma sportowo edukowa\u0107 polskie spo\u0142ecze\u0144stwo. Dzi\u015b sportowe pasmo w TVP 3 jest znakomitym dowodem, na to \u017ce jest w Polsce du\u017ce zainteresowanie sportem krajowym i regionalnym a TVP Sport swoj\u0105 szerok\u0105 ofert\u0105 przyci\u0105gnie na pewno wielk\u0105 grup\u0119 widz\u00f3w. Kana\u0142 sportowy, to nie tylko transmisje. To r\u00f3wnie\u017c wiele informacji o r\u00f3\u017cnych  dziedzinach sportu ligowego i masowego. Ten kana\u0142 to odpowied\u017a na posiadany przez TVP SA kapita\u0142 spo\u0142eczny, jaki zbudowali\u015bmy w ostatnim czasie &#8211; podkre\u015bla\u0142 Robert Korzeniowski.<\/p>\n<p>Kana\u0142 dokumentalno-historyczny b\u0119dzie pokazywa\u0142  rzeczywisto\u015b\u0107 wsp\u00f3\u0142czesn\u0105 i historyczn\u0105 wykorzystuj\u0105c wiele form dokumentalnych, kt\u00f3re powsta\u0142y w TVP i stanowi\u0105 obecnie  dorobek telewizji publicznej. &#8222;Idealny dokument to m\u0105dra interpretacja rzeczywisto\u015bci, zadawanie nie zawsze wygodnych pyta\u0144, zmuszanie do my\u015blenia, szukanie jakiej\u015b syntezy tego, co si\u0119 dzieje wok\u00f3\u0142 nas&#8221; &#8211; jak twierdzi Marcel \u0141ozi\u0144ski. Kana\u0142 dokumentalno-historyczny b\u0119dzie zatem  dla wielu Polak\u00f3w cennym \u017ar\u00f3d\u0142em wiedzy o wsp\u00f3\u0142czesno\u015bci i historii.<\/p>\n<p>Kana\u0142 TVP Rozrywka b\u0119dzie uzupe\u0142nieniem oferty TVP Kultura i b\u0119dzie prezentowa\u0142 ofert\u0119 szlachetnych program\u00f3w rozrywkowych: od  &#8222;Spotka\u0144 z ballad\u0105&#8221; do &#8222;Turnieju m\u0142odych kabaret\u00f3w&#8221;. B\u0119dzie tam i Kabaret Starszych Pan\u00f3w i Kabaret Mumio. W ofercie kana\u0142u mie\u015bci si\u0119 tak\u017ce piosenka literacka np. Jonasza Kofty, Agnieszki Osieckiej. Zobaczymy tam r\u00f3wnie\u017c komedie, zar\u00f3wno filmowe, jak i te z klasyki teatru telewizji, kt\u00f3re wyprodukowa\u0142a Telewizja Polska. <\/p>\n","protected":false},"excerpt":{"rendered":"Zarz\u0105d  TVP przyj\u0105\u0142 i zaaprobowa\u0142 sprawozdania: Roberta Korzeniowskiego szefa sportu w TVP i Jacka Wekslera &#8211; dyrektora TVP Kultura. Przedstawili oni informacj\u0119 na temat zaawansowania projekt\u00f3w trzech kana\u0142\u00f3w tematycznych spo\u015br\u00f3d przygotowywanych obecnie w TVP.","protected":false},"author":1,"featured_media":84493,"comment_status":"open","ping_status":"closed","sticky":false,"template":"","format":"standard","meta":{"csco_display_header_overlay":false,"csco_singular_sidebar":"","csco_page_header_type":"","csco_page_load_nextpost":"","csco_post_video_location":[],"csco_post_video_location_hash":"","csco_post_video_url":"","csco_post_video_bg_start_time":0,"csco_post_video_bg_end_time":0,"footnotes":""},"categories":[9670],"tags":[],"class_list":{"0":"post-84492","1":"post","2":"type-post","3":"status-publish","4":"format-standard","5":"has-post-thumbnail","7":"category-tv","8":"cs-entry","9":"cs-video-wrap"},"_links":{"self":[{"href":"https:\/\/mediarun.com\/pl\/wp-json\/wp\/v2\/posts\/84492","targetHints":{"allow":["GET"]}}],"collection":[{"href":"https:\/\/mediarun.com\/pl\/wp-json\/wp\/v2\/posts"}],"about":[{"href":"https:\/\/mediarun.com\/pl\/wp-json\/wp\/v2\/types\/post"}],"author":[{"embeddable":true,"href":"https:\/\/mediarun.com\/pl\/wp-json\/wp\/v2\/users\/1"}],"replies":[{"embeddable":true,"href":"https:\/\/mediarun.com\/pl\/wp-json\/wp\/v2\/comments?post=84492"}],"version-history":[{"count":0,"href":"https:\/\/mediarun.com\/pl\/wp-json\/wp\/v2\/posts\/84492\/revisions"}],"wp:featuredmedia":[{"embeddable":true,"href":"https:\/\/mediarun.com\/pl\/wp-json\/wp\/v2\/media\/84493"}],"wp:attachment":[{"href":"https:\/\/mediarun.com\/pl\/wp-json\/wp\/v2\/media?parent=84492"}],"wp:term":[{"taxonomy":"category","embeddable":true,"href":"https:\/\/mediarun.com\/pl\/wp-json\/wp\/v2\/categories?post=84492"},{"taxonomy":"post_tag","embeddable":true,"href":"https:\/\/mediarun.com\/pl\/wp-json\/wp\/v2\/tags?post=84492"}],"curies":[{"name":"wp","href":"https:\/\/api.w.org\/{rel}","templated":true}]}}