{"id":84487,"date":"2005-11-30T09:10:53","date_gmt":"2005-11-30T08:10:53","guid":{"rendered":"https:\/\/mediarun.com\/index.php\/news-posts\/nowy-blok-tematyczny-w-europa-europa\/"},"modified":"2005-11-30T09:10:53","modified_gmt":"2005-11-30T08:10:53","slug":"nowy-blok-tematyczny-w-europa-europa","status":"publish","type":"post","link":"https:\/\/mediarun.com\/pl\/media\/tv\/nowy-blok-tematyczny-w-europa-europa.html","title":{"rendered":"Nowy blok tematyczny w Europa Europa"},"content":{"rendered":"<p>&#8222;Europa Europa nieustannie d\u0105\u017cy do udoskonalenia oferty programowej i dostarcza widzom najlepsze i najciekawsze obrazy kina europejskiego. Wierzymy, \u017ce nowy blok tematyczny &#8222;Oparte na faktach&#8221; zainteresuje naszych odbiorc\u00f3w. Po zako\u0144czeniu tego cyklu planujemy nowe wieczory tematyczne.W pierwszej kolejno\u015bci b\u0119dzie to cykl pt. &#8222;Biografie&#8221; a po nim poka\u017cemy najlepsze filmowe adaptacje literatury w bloku pt. &#8221;Ekranizacj\u0119 literatury \u015bwiatowej&#8221; &#8211; powiedzia\u0142a Jolanta Kasparek, dyrektor programowy Europa Europa.<\/p>\n<p> W bloku tematycznym &#8222;Oparte na faktach&#8221; zobaczymy:<\/p>\n<p>&middot;         &#8222;Zabi\u0107 ksi\u0119dza&#8221; Agnieszki Holland przedstawiaj\u0105cy dramatyczne okoliczno\u015bci porwania i zab\u00f3jstwa ks. Jerzego Popie\u0142uszki &#8211; \u015broda,<br \/>\n7 grudnia, godzina 22.10<\/p>\n<p>&middot;          &#8222;Dom przy Rillington Place&#8221; w re\u017cyserii Richarda Fleischera, opowiadaj\u0105cy histori\u0119 seryjnego mordercy, kt\u00f3ry grasowa\u0142 w Londynie tu\u017c po Drugiej Wojnie \u015awiatowej &#8211; \u015broda, 14 grudnia, godzina 22.15<\/p>\n<p>&middot;         &#8222;Pie\u015b\u0144 Carli&#8221; Kena Loacha, ukazuj\u0105cy losy szkockiego kierowcy autobusu, kt\u00f3ry zakochuje si\u0119 w uciekinierce z Nikaragui &#8211; \u015broda, 21 grudnia, godzina 22.15<\/p>\n<p>&middot;         &#8222;Mroczna strona&#8221;, paradokumentalny film Gonzalo Su\u00e1reza stanowi\u0105cy wiern\u0105 rekonstrukcj\u0119 przes\u0142uchania niejakiego Valdesa (Hugo Daniel Gorban), argenty\u0144skiego zbrodniarza z czas\u00f3w dyktatury, odpowiedzialnego za torturowanie, \u015bmier\u0107 i zagini\u0119cie wielu os\u00f3b &#8211; \u015broda, 28 grudnia, godzina 22.30<\/p>\n","protected":false},"excerpt":{"rendered":"Ju\u017c od grudnia kana\u0142 Europa Europa uruchomi nowy blok tematyczny pt. &#8222;Oparte na faktach&#8221;. Pocz\u0105wszy od 7 grudnia, w ka\u017cd\u0105 \u015brod\u0119 widzowie b\u0119d\u0105 mieli mo\u017cliwo\u015b\u0107 zobaczy\u0107 najlepsze europejskie produkcje filmowe, zainspirowane autentycznymi wydarzeniami.","protected":false},"author":1,"featured_media":84488,"comment_status":"open","ping_status":"closed","sticky":false,"template":"","format":"standard","meta":{"csco_display_header_overlay":false,"csco_singular_sidebar":"","csco_page_header_type":"","csco_page_load_nextpost":"","csco_post_video_location":[],"csco_post_video_location_hash":"","csco_post_video_url":"","csco_post_video_bg_start_time":0,"csco_post_video_bg_end_time":0,"footnotes":""},"categories":[9670],"tags":[],"class_list":{"0":"post-84487","1":"post","2":"type-post","3":"status-publish","4":"format-standard","5":"has-post-thumbnail","7":"category-tv","8":"cs-entry","9":"cs-video-wrap"},"_links":{"self":[{"href":"https:\/\/mediarun.com\/pl\/wp-json\/wp\/v2\/posts\/84487","targetHints":{"allow":["GET"]}}],"collection":[{"href":"https:\/\/mediarun.com\/pl\/wp-json\/wp\/v2\/posts"}],"about":[{"href":"https:\/\/mediarun.com\/pl\/wp-json\/wp\/v2\/types\/post"}],"author":[{"embeddable":true,"href":"https:\/\/mediarun.com\/pl\/wp-json\/wp\/v2\/users\/1"}],"replies":[{"embeddable":true,"href":"https:\/\/mediarun.com\/pl\/wp-json\/wp\/v2\/comments?post=84487"}],"version-history":[{"count":0,"href":"https:\/\/mediarun.com\/pl\/wp-json\/wp\/v2\/posts\/84487\/revisions"}],"wp:featuredmedia":[{"embeddable":true,"href":"https:\/\/mediarun.com\/pl\/wp-json\/wp\/v2\/media\/84488"}],"wp:attachment":[{"href":"https:\/\/mediarun.com\/pl\/wp-json\/wp\/v2\/media?parent=84487"}],"wp:term":[{"taxonomy":"category","embeddable":true,"href":"https:\/\/mediarun.com\/pl\/wp-json\/wp\/v2\/categories?post=84487"},{"taxonomy":"post_tag","embeddable":true,"href":"https:\/\/mediarun.com\/pl\/wp-json\/wp\/v2\/tags?post=84487"}],"curies":[{"name":"wp","href":"https:\/\/api.w.org\/{rel}","templated":true}]}}