{"id":84477,"date":"2005-11-30T09:31:02","date_gmt":"2005-11-30T08:31:02","guid":{"rendered":"https:\/\/mediarun.com\/index.php\/news-posts\/emmy-international-dla-holocaust-in-memoriam\/"},"modified":"2005-11-30T09:31:02","modified_gmt":"2005-11-30T08:31:02","slug":"emmy-international-dla-holocaust-in-memoriam","status":"publish","type":"post","link":"https:\/\/mediarun.com\/pl\/wydarzenia\/emmy-international-dla-holocaust-in-memoriam.html","title":{"rendered":"Emmy International dla &#8222;Holocaust in Memoriam&#8221;"},"content":{"rendered":"<p>Wyre\u017cyserowany przez Jamesa Kenta &#8222;Holocaust in memoriam&#8221; zosta\u0142 zrealizowany przez BBC we wsp\u00f3\u0142pracy z kanadyjsk\u0105 CBC, niemieck\u0105 ZDF oraz z TVP dla upami\u0119tnienia 60. rocznicy wyzwolenia oboz\u00f3w Auschwitz-Birkenau. Film jest w\u0119dr\u00f3wk\u0105 po obozie bogato ilustrowan\u0105 materia\u0142ami ze sta\u0142ych ekspozycji obozowego muzeum. W\u0105tek narracyjny stanowi\u0105 losy kilkorga ocalonych muzyk\u00f3w, cz\u0142onk\u00f3w obozowych orkiestr i znanego aktora Augusta Kowalczyka. Najwa\u017cniejsz\u0105 tu \u015bcie\u017ck\u0119 muzyczn\u0105 wype\u0142niaj\u0105 m.in. otwieraj\u0105ca film I cz\u0119\u015b\u0107 &#8222;Requiem&#8221; Wolfganga Amadeusza Mozarta, &#8222;Different Trains&#8221; Stevena Reicha, III Symfonia Henryka Miko\u0142aja G\u00f3reckiego, &#8222;Kwartet na koniec czasu&#8221; Oliviera Messiaena, Uwertura Hansa Krasy, pie\u015b\u0144 &#8222;Daleko jest m\u00f3j dom, ksi\u0119\u017cycu&#8221; Pavla Haasa, fragment opery &#8222;Imperator i Atlantis&#8221; Victora Ullmana, a tak\u017ce utwory Jana Sebastiana Bacha i Fryderyka Chopina. <\/p>\n<p>Producentem ze strony Telewizji Polskiej by\u0142 Jaros\u0142aw A. Grzelak. Opr\u00f3cz udzia\u0142u finansowego w produkcji filmu, TVP zapewni\u0142a ca\u0142\u0105, bardzo skomplikowan\u0105 logistyk\u0119 realizacji zdj\u0119\u0107 do filmu w Polsce przez 2 tygodnie zdj\u0119ciowe. TVP uczestniczy\u0142a tak\u017ce w przygotowaniach do realizacji filmu, kt\u00f3re trwa\u0142y prawie rok. &#8222;Holocaust in memoriam&#8221; by\u0142 emitowany w &#8222;Dw\u00f3jce&#8221; 27 stycznia jako jeden z kilku program\u00f3w upami\u0119tniaj\u0105cych w Telewizji Polskiej 60. rocznic\u0119 wyzwolenia obozu Auschwitz &#8211; Birkenau. Emmy International to nie jedyne wyr\u00f3\u017cnienie dla &#8222;Holocaust in Memoriam&#8221;. Film przeszed\u0142 z eliminacji do fina\u0142owej czw\u00f3rki w brytyjskich nagrodach Grierson, otrzyma\u0142 tak\u017ce pierwsz\u0105 nagrod\u0119 za d\u0142ugometra\u017cowy film dokumentalny i nagrod\u0119 za najlepsz\u0105 \u015bcie\u017ck\u0119 d\u017awi\u0119kow\u0105 na tegorocznym Warszawskim Festiwalu Film\u00f3w o Tematyce \u017bydowskiej. <\/p>\n","protected":false},"excerpt":{"rendered":"Wsp\u00f3\u0142produkowany przez TVP2 film muzyczny &#8222;Holocaust in memoriam&#8221; zdoby\u0142 presti\u017cow\u0105 nagrod\u0119 Emmy International w kategorii najlepszy film artystyczny. Rozdanie nagr\u00f3d w 33. edycji uznawanych za jedne z wa\u017cniejszych nagr\u00f3d dla \u015bwiatowych produkcji telewizyjnych odby\u0142o si\u0119 21 listopada w Nowym Jorku.","protected":false},"author":1,"featured_media":0,"comment_status":"open","ping_status":"closed","sticky":false,"template":"","format":"standard","meta":{"csco_display_header_overlay":false,"csco_singular_sidebar":"","csco_page_header_type":"","csco_page_load_nextpost":"","csco_post_video_location":[],"csco_post_video_location_hash":"","csco_post_video_url":"","csco_post_video_bg_start_time":0,"csco_post_video_bg_end_time":0,"footnotes":""},"categories":[46],"tags":[],"class_list":{"0":"post-84477","1":"post","2":"type-post","3":"status-publish","4":"format-standard","6":"category-wydarzenia","7":"cs-entry","8":"cs-video-wrap"},"_links":{"self":[{"href":"https:\/\/mediarun.com\/pl\/wp-json\/wp\/v2\/posts\/84477","targetHints":{"allow":["GET"]}}],"collection":[{"href":"https:\/\/mediarun.com\/pl\/wp-json\/wp\/v2\/posts"}],"about":[{"href":"https:\/\/mediarun.com\/pl\/wp-json\/wp\/v2\/types\/post"}],"author":[{"embeddable":true,"href":"https:\/\/mediarun.com\/pl\/wp-json\/wp\/v2\/users\/1"}],"replies":[{"embeddable":true,"href":"https:\/\/mediarun.com\/pl\/wp-json\/wp\/v2\/comments?post=84477"}],"version-history":[{"count":0,"href":"https:\/\/mediarun.com\/pl\/wp-json\/wp\/v2\/posts\/84477\/revisions"}],"wp:attachment":[{"href":"https:\/\/mediarun.com\/pl\/wp-json\/wp\/v2\/media?parent=84477"}],"wp:term":[{"taxonomy":"category","embeddable":true,"href":"https:\/\/mediarun.com\/pl\/wp-json\/wp\/v2\/categories?post=84477"},{"taxonomy":"post_tag","embeddable":true,"href":"https:\/\/mediarun.com\/pl\/wp-json\/wp\/v2\/tags?post=84477"}],"curies":[{"name":"wp","href":"https:\/\/api.w.org\/{rel}","templated":true}]}}