{"id":84476,"date":"2005-11-30T09:41:52","date_gmt":"2005-11-30T08:41:52","guid":{"rendered":"https:\/\/mediarun.com\/index.php\/news-posts\/budzaca-niepokoj-fuzja-prosiebensat-1-axel-springer\/"},"modified":"2005-11-30T09:41:52","modified_gmt":"2005-11-30T08:41:52","slug":"budzaca-niepokoj-fuzja-prosiebensat-1-axel-springer","status":"publish","type":"post","link":"https:\/\/mediarun.com\/pl\/media\/prasa\/budzaca-niepokoj-fuzja-prosiebensat-1-axel-springer.html","title":{"rendered":"Budz\u0105ca niepok\u00f3j fuzja ProSiebenSat.1-Axel Springer"},"content":{"rendered":"<p>&#8211; Obawy pojawi\u0142y si\u0119 ju\u017c podczas wst\u0119pnego dochodzenia i zosta\u0142y przekazane zainteresowanym &#8211; powiedzia\u0142 Bernd Malzanini, szef niemieckiej Komisji ds. Koncentracji Medi\u00f3w (KEK). &#8211; Regulator ju\u017c rozmawia\u0142 w tej sprawie zar\u00f3wno z \u0142\u0105cz\u0105cymi si\u0119 podmiotami, jak i z urz\u0119dami lokalnymi, a rzeczniczka koncernu Axel Springer okre\u015bli\u0142a te rozmowy jako &#8222;konstruktywne&#8221;. &#8211; informuje &#8222;Gazeta Wyborcza&#8221;<\/p>\n","protected":false},"excerpt":{"rendered":"Regulator rynku medi\u00f3w w Niemczech jest zaniepokojony przej\u0119ciem grupy telewizyjnej ProSiebenSat.1 przez najwi\u0119kszego w Europie wydawc\u0119 prasy. Zdaniem urz\u0119dnik\u00f3w w ten spos\u00f3b sp\u00f3\u0142ka mo\u017ce zdominowa\u0107 opini\u0119 publiczn\u0105 &#8211; donosi &#8222;Gazeta Wyborcza&#8221;","protected":false},"author":1,"featured_media":0,"comment_status":"open","ping_status":"closed","sticky":false,"template":"","format":"standard","meta":{"csco_display_header_overlay":false,"csco_singular_sidebar":"","csco_page_header_type":"","csco_page_load_nextpost":"","csco_post_video_location":[],"csco_post_video_location_hash":"","csco_post_video_url":"","csco_post_video_bg_start_time":0,"csco_post_video_bg_end_time":0,"footnotes":""},"categories":[9673],"tags":[],"class_list":{"0":"post-84476","1":"post","2":"type-post","3":"status-publish","4":"format-standard","6":"category-prasa","7":"cs-entry","8":"cs-video-wrap"},"_links":{"self":[{"href":"https:\/\/mediarun.com\/pl\/wp-json\/wp\/v2\/posts\/84476","targetHints":{"allow":["GET"]}}],"collection":[{"href":"https:\/\/mediarun.com\/pl\/wp-json\/wp\/v2\/posts"}],"about":[{"href":"https:\/\/mediarun.com\/pl\/wp-json\/wp\/v2\/types\/post"}],"author":[{"embeddable":true,"href":"https:\/\/mediarun.com\/pl\/wp-json\/wp\/v2\/users\/1"}],"replies":[{"embeddable":true,"href":"https:\/\/mediarun.com\/pl\/wp-json\/wp\/v2\/comments?post=84476"}],"version-history":[{"count":0,"href":"https:\/\/mediarun.com\/pl\/wp-json\/wp\/v2\/posts\/84476\/revisions"}],"wp:attachment":[{"href":"https:\/\/mediarun.com\/pl\/wp-json\/wp\/v2\/media?parent=84476"}],"wp:term":[{"taxonomy":"category","embeddable":true,"href":"https:\/\/mediarun.com\/pl\/wp-json\/wp\/v2\/categories?post=84476"},{"taxonomy":"post_tag","embeddable":true,"href":"https:\/\/mediarun.com\/pl\/wp-json\/wp\/v2\/tags?post=84476"}],"curies":[{"name":"wp","href":"https:\/\/api.w.org\/{rel}","templated":true}]}}