{"id":84472,"date":"2005-11-30T10:07:23","date_gmt":"2005-11-30T09:07:23","guid":{"rendered":"https:\/\/mediarun.com\/index.php\/news-posts\/rozstrzygniecie-v-edycji-oczy-otwarte\/"},"modified":"2005-11-30T10:07:23","modified_gmt":"2005-11-30T09:07:23","slug":"rozstrzygniecie-v-edycji-oczy-otwarte","status":"publish","type":"post","link":"https:\/\/mediarun.com\/pl\/media\/prasa\/rozstrzygniecie-v-edycji-oczy-otwarte.html","title":{"rendered":"Rozstrzygni\u0119cie V edycji Oczy Otwarte"},"content":{"rendered":"<p>Konkurs po\u015bwi\u0119cony jest trzem wa\u017cnym tematom spo\u0142ecznym: osobom niepe\u0142nosprawnym, dzieciom ze \u015brodowisk spo\u0142ecznie zagro\u017conych oraz przemocy w rodzinie. <\/p>\n<p>Konkurs organizowany jest przez Philip Morris Polska S.A. pod patronatem Stowarzyszenia Dziennikarzy Polskich i przy wsp\u00f3\u0142pracy Stowarzyszenia Przyjaci\u00f3\u0142 Integracji, Towarzystwa Przyjaci\u00f3\u0142 Dzieci oraz Og\u00f3lnopolskiego Pogotowia dla Ofiar Przemocy w Rodzinie &#8222;Niebieska Linia&#8221;. W tegorocznej edycji Konkursu dziennikarze nades\u0142ali \u0142\u0105cznie 159 prac &#8211; 55 film\u00f3w dokumentalnych, 34 audycje radiowe i 70 artyku\u0142\u00f3w prasowych wyemitowanych lub opublikowanych od 1 sierpnia 2004 do 31 lipca 2005 roku. <\/p>\n<p>Zwyci\u0119zcami V edycji Konkursu zostali:<br \/>\nw kategorii artyku\u0142 prasowy ex aequo: <\/p>\n<p>Anna Fostakowska, Du\u017cy Format, za artyku\u0142 &#8222;Dzieci \u015bmieci&#8221;<br \/>\nStanis\u0142aw Zasada, Tygodnik Powszechny, za artyku\u0142 &#8222;Je\u015bli mi\u0142o\u015bci bym nie mia\u0142a&#8221; <\/p>\n<p>w kategorii Audycja Radiowa:<br \/>\nCezary Galek, Polskie Radio Zach\u00f3d, za reporta\u017c radiowy &#8222;Dom pod anio\u0142ami&#8221; <\/p>\n<p>w kategorii Program TV:<br \/>\nAgata Frol-Kowalik, TVP2, za reporta\u017c telewizyjny &#8222;Rodzina&#8221; <\/p>\n<p>Nagrod\u0119 Specjaln\u0105 Jury Konkursu przyzna\u0142o Barbarze Paw\u0142owskiej, TVP2, za konsekwentne zajmowanie si\u0119 tematyk\u0105 konkursow\u0105 i wysoki poziom warsztatowy. Nagrodzeni dziennikarze w po\u0142owie grudnia wyjad\u0105 do Pary\u017ca, gdzie b\u0119d\u0105 mogli pozna\u0107 najnowsze koncepcje integrowania os\u00f3b niepe\u0142nosprawnych w spo\u0142ecze\u0144stwie. Spotkaj\u0105 si\u0119 te\u017c z przedstawicielami czo\u0142owych organizacji zajmuj\u0105cych si\u0119 walk\u0105 z przemoc\u0105 w rodzinie i odwiedz\u0105 specjalny o\u015brodek dla m\u0142odzie\u017cy nieprzystosowanej spo\u0142ecznie na przedmie\u015bciach Pary\u017ca. <\/p>\n<p>Jury przyzna\u0142o te\u017c Wyr\u00f3\u017cnienia Specjalne redakcjom, kt\u00f3re szczeg\u00f3lnie cz\u0119sto pochyla\u0142y si\u0119 nad problemami niepe\u0142nosprawno\u015bci, nieprzystosowania spo\u0142ecznego dzieci oraz przemocy w rodzinie. <\/p>\n<p>W kategorii &#8222;Redakcja Telewizyjna&#8221; wyr\u00f3\u017cniono TVP 2 &#8211; Magazyn Reporter\u00f3w za wybitne reporta\u017ce, wra\u017cliwo\u015b\u0107 spo\u0142eczn\u0105 i walory edukacyjne prezentowanych materia\u0142\u00f3w. W kategorii &#8222;Redakcja Radiowa&#8221; nagrod\u0119 dosta\u0142o Radio Lublin za reporta\u017ce pozbawione nachalnej tezy i konsekwencj\u0119 w inspirowaniu m\u0142odych reporter\u00f3w do podejmowania trudnej problematyki spo\u0142ecznej. W kategorii &#8222;Redakcja Prasowa&#8221; wyr\u00f3\u017cniona zosta\u0142a Gazeta Pomorska za wysoki poziom nades\u0142anych na konkurs prac i szczeg\u00f3lne zainteresowanie tematyk\u0105 konkursow\u0105. <\/p>\n<p>Wy\u0142anianie laureat\u00f3w Konkursu przebiega\u0142o dwuetapowo. Najpierw Jury w sk\u0142adzie Barbara Rogalska (Stowarzyszenie Dziennikarzy Polskich, przewodnicz\u0105ca Jury), Teresa Tora\u0144ska (dziennikarz prasowy i telewizyjny), Barbara Pietkiewicz (Polityka), Janina Jankowska (dziennikarz radiowy), Grzegorz Miecugow (TVN24), Filip \u0141obodzi\u0144ski (Newsweek Polska) oraz Micha\u0142 Olsza\u0144ski (dziennikarz radiowy i telewizyjny) nominowa\u0142o najlepsze, ich zdaniem, prace. Spo\u015br\u00f3d nich ostatecznych zwyci\u0119zc\u00f3w w kategoriach konkursowych wy\u0142oni\u0142a 20-osobowa Kapitu\u0142a &#8211; grono przedstawicieli \u015brodowiska niepe\u0142nosprawnych, ekspert\u00f3w w zakresie przemocy w rodzinie oraz os\u00f3b pracuj\u0105cych z dzie\u0107mi ze \u015brodowisk spo\u0142ecznie zagro\u017conych. <\/p>\n<p>&#8222;Cieszy mnie tak wielkie zainteresowanie medi\u00f3w konkursem po\u015bwi\u0119conym wa\u017cnym kwestiom spo\u0142ecznym jak sytuacja os\u00f3b niepe\u0142nosprawnych, przemoc w rodzinie czy trudny los m\u0142odzie\u017cy nieprzystosowanej. Pokazuje to ilo\u015b\u0107 zg\u0142osze\u0144 i wysoki poziom tegorocznych prac konkursowych. Jestem przekonany, \u017ce dzi\u0119ki takim filmom, audycjom i artyku\u0142om wzro\u015bnie \u015bwiadomo\u015b\u0107 spo\u0142eczna poruszanych w nich problem\u00f3w, a przez to powoli polepsza\u0107 si\u0119 b\u0119dzie los tysi\u0119cy ludzi pokrzywdzonych przez los &#8211; os\u00f3b, z my\u015bl\u0105 o kt\u00f3rych powsta\u0142 Konkurs &#8222;Oczy Otwarte&#8221; &#8211; powiedzia\u0142 Andrzej D\u0105browki, prezes Philips Morris Polska S.A., organizatora konkursu. <\/p>\n<p>&#8222;Fakt, \u017ce do Konkursu zg\u0142oszono prawie 160 prac dowodzi, \u017ce jest on potrzebny. I to nie tylko osobom niepe\u0142nosprawnym, nieprzystosowanym spo\u0142ecznie lub ofiarom przemocy w rodzinie. Tak\u017ce dziennikarzom zajmuj\u0105cym si\u0119 trudn\u0105 problematyk\u0105 spo\u0142eczn\u0105. Wierz\u0119, \u017ce doceniaj\u0105c ich prac\u0119 zach\u0119cimy zar\u00f3wno ich samych, jak i ich koleg\u00f3w do jeszcze cz\u0119stszego informowania o losie ludzi, kt\u00f3rzy najbardziej potrzebuj\u0105 zrozumienia i akceptacji, czyli dok\u0142adnie tego, co media potrafi\u0105 i mog\u0105 im da\u0107&#8221; &#8211; powiedzia\u0142a przewodnicz\u0105ca Jury Barbara Rogalska ze Stowarzyszenia Dziennikarzy Polskich. <\/p>\n","protected":false},"excerpt":{"rendered":"Pi\u0119cioro dziennikarzy oraz trzy redakcje zosta\u0142y nagrodzone w V edycji Konkursu Dziennikarskiego &#8222;Oczy Otwarte&#8221; &#8211; trzeciego, pod wzgl\u0119dem liczby zg\u0142aszanych prac, najwi\u0119kszego konkursu dziennikarskiego w Polsce.","protected":false},"author":1,"featured_media":0,"comment_status":"open","ping_status":"closed","sticky":false,"template":"","format":"standard","meta":{"csco_display_header_overlay":false,"csco_singular_sidebar":"","csco_page_header_type":"","csco_page_load_nextpost":"","csco_post_video_location":[],"csco_post_video_location_hash":"","csco_post_video_url":"","csco_post_video_bg_start_time":0,"csco_post_video_bg_end_time":0,"footnotes":""},"categories":[9673],"tags":[],"class_list":{"0":"post-84472","1":"post","2":"type-post","3":"status-publish","4":"format-standard","6":"category-prasa","7":"cs-entry","8":"cs-video-wrap"},"_links":{"self":[{"href":"https:\/\/mediarun.com\/pl\/wp-json\/wp\/v2\/posts\/84472","targetHints":{"allow":["GET"]}}],"collection":[{"href":"https:\/\/mediarun.com\/pl\/wp-json\/wp\/v2\/posts"}],"about":[{"href":"https:\/\/mediarun.com\/pl\/wp-json\/wp\/v2\/types\/post"}],"author":[{"embeddable":true,"href":"https:\/\/mediarun.com\/pl\/wp-json\/wp\/v2\/users\/1"}],"replies":[{"embeddable":true,"href":"https:\/\/mediarun.com\/pl\/wp-json\/wp\/v2\/comments?post=84472"}],"version-history":[{"count":0,"href":"https:\/\/mediarun.com\/pl\/wp-json\/wp\/v2\/posts\/84472\/revisions"}],"wp:attachment":[{"href":"https:\/\/mediarun.com\/pl\/wp-json\/wp\/v2\/media?parent=84472"}],"wp:term":[{"taxonomy":"category","embeddable":true,"href":"https:\/\/mediarun.com\/pl\/wp-json\/wp\/v2\/categories?post=84472"},{"taxonomy":"post_tag","embeddable":true,"href":"https:\/\/mediarun.com\/pl\/wp-json\/wp\/v2\/tags?post=84472"}],"curies":[{"name":"wp","href":"https:\/\/api.w.org\/{rel}","templated":true}]}}