{"id":84471,"date":"2005-11-30T10:10:00","date_gmt":"2005-11-30T09:10:00","guid":{"rendered":"https:\/\/mediarun.com\/index.php\/news-posts\/roze-gali-przyznane\/"},"modified":"2005-11-30T10:10:00","modified_gmt":"2005-11-30T09:10:00","slug":"roze-gali-przyznane","status":"publish","type":"post","link":"https:\/\/mediarun.com\/pl\/media\/prasa\/roze-gali-przyznane.html","title":{"rendered":"R\u00f3\u017ce Gali przyznane"},"content":{"rendered":"<p>Lista zwyci\u0119zc\u00f3w plebiscytu: <\/p>\n<p>PI\u0118KNI DZI\u015a: Piotr Adamczyk<br \/>\nNominowani byli r\u00f3wnie\u017c: Kasia Figura, Mateusz Kusznierewicz, Ma\u0142gorzata Ko\u017cuchowska, Gra\u017cyna Wolszczak, Jacek Pa\u0142asi\u0144ski, Piotr Kra\u015bko, Katarzyna Grochola, Krzysztof Ziemiec, Martyna Wojciechowska, Kayah<\/p>\n<p>PI\u0118KNE DEBIUTY: Monika Brodka<br \/>\nNominowani byli r\u00f3wnie\u017c: Pawe\u0142 Ma\u0142aszy\u0144ski,Sebastian Karpiel-Bu\u0142ecka, Paulina Chylewska, Magdalena R\u00f3\u017cczka, Marta Wi\u015bniewska Mandaryna, Krzysztof Kilja\u0144ski, Magdalena Walach, Tomasz Adamek, Marta Domachowska, Magdalena Piekorz, Hanna Smoktunowicz<\/p>\n<p>PI\u0118KNI ZAWSZE: Beata Tyszkiewicz<br \/>\nNominowani byli r\u00f3wnie\u017c: Krystyna Janda, Maria Pakulnis, Janusz G\u0142owacki, Krzysztof Kolberger, Nina Terentiew, Gra\u017cyna Szapo\u0142owska, Andrzej Seweryn, Aneta Kr\u0119glicka, Tomasz Sta\u0144ko, Kora Jackowska, Marek Kondrat<\/p>\n<p>PIEKNE PARY: Anna Maria Jopek i Marcin Kydry\u0144ski<br \/>\nNominowani byli r\u00f3wnie\u017c: Edyta G\u00f3rniak i Dariusz Krupa, Weronika Rosati i Mariusz Max Kolonko, Anita Lipnicka i John Porter, Anna Dymna i Krzysztof Orzechowski, Ma\u0142gorzata Foremniak i Waldemar Dziki, Agnieszka Maci\u0105g i Robert Wola\u0144ski, Edyta Olsz\u00f3wka i Piotr Machalica, Ewa i Krzysztof Krawczykowie, Lidia Popiel i Bogus\u0142aw Linda, Monika i Robert Gawli\u0144scy, Maria G\u0142adkowska i S\u0142awomir Idziak<\/p>\n<p>R\u00d3\u017b\u0118 R\u00d3\u017b odebra\u0142a natomiast Krystyna Janda.<\/p>\n<p>&#8211; Uroczysto\u015b\u0107 wr\u0119czenia wyr\u00f3\u017cnie\u0144 tygodnika &#8222;Gala&#8221; poprowadzili Anna Popek i Pawe\u0142 Del\u0105g. Ceremoni\u0119 swoj\u0105 obecno\u015bci\u0105 i wyst\u0119pem na scenie u\u015bwietnili Kayah i Sebastian Karpiel-Bu\u0142ecka oraz zesp\u00f3\u0142 The Cardigans. &#8211; informuje portal internetowy Onet.pl<\/p>\n","protected":false},"excerpt":{"rendered":"We wtorek wieczorem odby\u0142a si\u0119 uroczysto\u015b\u0107 wr\u0119czenia nagr\u00f3d tygodnika &#8222;Gala&#8221;. Wielki Plebiscyt &#8222;R\u00f3\u017ce Gali&#8221; odby\u0142 si\u0119 po raz trzeci. W tym roku czytelnicy pisma mogli g\u0142osowa\u0107 w 4 kategoriach: &#8222;Pi\u0119kni dzi\u015b&#8221;, &#8222;Pi\u0119kne debiuty&#8221;, &#8222;Pi\u0119kni zawsze&#8221; oraz po raz pierwszy w kategorii &#8222;Pi\u0119kne pary&#8221;. &#8211; donosi Onet.pl","protected":false},"author":1,"featured_media":0,"comment_status":"open","ping_status":"closed","sticky":false,"template":"","format":"standard","meta":{"csco_display_header_overlay":false,"csco_singular_sidebar":"","csco_page_header_type":"","csco_page_load_nextpost":"","csco_post_video_location":[],"csco_post_video_location_hash":"","csco_post_video_url":"","csco_post_video_bg_start_time":0,"csco_post_video_bg_end_time":0,"footnotes":""},"categories":[9673],"tags":[],"class_list":{"0":"post-84471","1":"post","2":"type-post","3":"status-publish","4":"format-standard","6":"category-prasa","7":"cs-entry","8":"cs-video-wrap"},"_links":{"self":[{"href":"https:\/\/mediarun.com\/pl\/wp-json\/wp\/v2\/posts\/84471","targetHints":{"allow":["GET"]}}],"collection":[{"href":"https:\/\/mediarun.com\/pl\/wp-json\/wp\/v2\/posts"}],"about":[{"href":"https:\/\/mediarun.com\/pl\/wp-json\/wp\/v2\/types\/post"}],"author":[{"embeddable":true,"href":"https:\/\/mediarun.com\/pl\/wp-json\/wp\/v2\/users\/1"}],"replies":[{"embeddable":true,"href":"https:\/\/mediarun.com\/pl\/wp-json\/wp\/v2\/comments?post=84471"}],"version-history":[{"count":0,"href":"https:\/\/mediarun.com\/pl\/wp-json\/wp\/v2\/posts\/84471\/revisions"}],"wp:attachment":[{"href":"https:\/\/mediarun.com\/pl\/wp-json\/wp\/v2\/media?parent=84471"}],"wp:term":[{"taxonomy":"category","embeddable":true,"href":"https:\/\/mediarun.com\/pl\/wp-json\/wp\/v2\/categories?post=84471"},{"taxonomy":"post_tag","embeddable":true,"href":"https:\/\/mediarun.com\/pl\/wp-json\/wp\/v2\/tags?post=84471"}],"curies":[{"name":"wp","href":"https:\/\/api.w.org\/{rel}","templated":true}]}}