{"id":84469,"date":"2005-11-30T10:14:28","date_gmt":"2005-11-30T09:14:28","guid":{"rendered":"https:\/\/mediarun.com\/index.php\/news-posts\/rzad-chce-tanich-polaczen\/"},"modified":"2005-11-30T10:14:28","modified_gmt":"2005-11-30T09:14:28","slug":"rzad-chce-tanich-polaczen","status":"publish","type":"post","link":"https:\/\/mediarun.com\/pl\/media\/prasa\/rzad-chce-tanich-polaczen.html","title":{"rendered":"Rz\u0105d Chce Tanich po\u0142\u0105cze\u0144"},"content":{"rendered":"<p>Recept\u0105 ma by\u0107 zwi\u0119kszenie konkurencyjno\u015bci na rynku. Si\u0142a perswazji Zgodnie z za\u0142o\u017ceniami strategii rz\u0105d chce wymusi\u0107 na g\u0142\u00f3wnych graczach telekomunikacyjnych: Telekomunikacji Polskiej (TP), Centertelu, PTC i Polkomtelu -udost\u0119pnienie ich infrastruktury po korzystnych dla konkurencji cenach. Ma to umo\u017cliwi\u0107 szybkie wej\u015bcie na rynek 4 operatora telefonii kom\u00f3rkowej, kt\u00f3ry nie b\u0119dzie musia\u0142 budowa\u0107 w\u0142asnej sieci, aby rozpocz\u0105\u0107 dzia\u0142alno\u015b\u0107, oraz pojawienie si\u0119 operator\u00f3w wirtualnych &#8211; informuje Gazeta Prawna. <\/p>\n<p>W podobny spos\u00f3b ma zosta\u0107 zrealizowany postulat taniego dost\u0119pu do szerokopasmowego internetu i zwi\u0119kszenia konkurencji w lokalnych po\u0142\u0105czeniach telefonicznych. Minister Str\u0119\u017cy\u0144ska chce, \u017ceby TP obni\u017cy\u0142a ceny, po kt\u00f3rych pozwala innym firmom korzysta\u0107 ze swoich sieci. Punkt odniesienia W tej chwili jest to 40 z\u0142 miesi\u0119cznie za tradycyjn\u0105 lini\u0119 w\u0105sko- pasmow\u0105. Tymczasem \u015brednia w UE to oko\u0142o 40 z\u0142 za dost\u0119p szerokopasmowy &#8211; uwa\u017ca Micha\u0142 Marczak, analityk w DI BRE Banku &#8211; pisze dzisiejsza Gazeta Prawna. <\/p>\n","protected":false},"excerpt":{"rendered":"Pod (nieoficjalnym) has\u0142em lnternet i kom\u00f3rki dla mas rz\u0105d chce zmusi\u0107 najwi\u0119kszych graczy na rynku do obni\u017cenia cen. Stanie\u0107 ma r\u00f3wnie\u017c telefonia stacjonarna. Dzia\u0142ania rz\u0105du, nad kt\u00f3rymi czuwa Anna Str\u0119\u017cy\u0144ska, wiceminister w resorcie transportu i budownictwa, maj\u0105 na celu obni\u017cenie cen za po\u0142\u0105czenia telefoniczne i szerokopasmowy dost\u0119p do internetu &#8211; czytamy w gazecie Prawnej.","protected":false},"author":1,"featured_media":0,"comment_status":"open","ping_status":"closed","sticky":false,"template":"","format":"standard","meta":{"csco_display_header_overlay":false,"csco_singular_sidebar":"","csco_page_header_type":"","csco_page_load_nextpost":"","csco_post_video_location":[],"csco_post_video_location_hash":"","csco_post_video_url":"","csco_post_video_bg_start_time":0,"csco_post_video_bg_end_time":0,"footnotes":""},"categories":[9673],"tags":[],"class_list":{"0":"post-84469","1":"post","2":"type-post","3":"status-publish","4":"format-standard","6":"category-prasa","7":"cs-entry","8":"cs-video-wrap"},"_links":{"self":[{"href":"https:\/\/mediarun.com\/pl\/wp-json\/wp\/v2\/posts\/84469","targetHints":{"allow":["GET"]}}],"collection":[{"href":"https:\/\/mediarun.com\/pl\/wp-json\/wp\/v2\/posts"}],"about":[{"href":"https:\/\/mediarun.com\/pl\/wp-json\/wp\/v2\/types\/post"}],"author":[{"embeddable":true,"href":"https:\/\/mediarun.com\/pl\/wp-json\/wp\/v2\/users\/1"}],"replies":[{"embeddable":true,"href":"https:\/\/mediarun.com\/pl\/wp-json\/wp\/v2\/comments?post=84469"}],"version-history":[{"count":0,"href":"https:\/\/mediarun.com\/pl\/wp-json\/wp\/v2\/posts\/84469\/revisions"}],"wp:attachment":[{"href":"https:\/\/mediarun.com\/pl\/wp-json\/wp\/v2\/media?parent=84469"}],"wp:term":[{"taxonomy":"category","embeddable":true,"href":"https:\/\/mediarun.com\/pl\/wp-json\/wp\/v2\/categories?post=84469"},{"taxonomy":"post_tag","embeddable":true,"href":"https:\/\/mediarun.com\/pl\/wp-json\/wp\/v2\/tags?post=84469"}],"curies":[{"name":"wp","href":"https:\/\/api.w.org\/{rel}","templated":true}]}}