{"id":84459,"date":"2005-11-30T16:07:30","date_gmt":"2005-11-30T15:07:30","guid":{"rendered":"https:\/\/mediarun.com\/index.php\/news-posts\/swiatecznie-w-eterze\/"},"modified":"2005-11-30T16:07:30","modified_gmt":"2005-11-30T15:07:30","slug":"swiatecznie-w-eterze","status":"publish","type":"post","link":"https:\/\/mediarun.com\/pl\/media\/radio\/swiatecznie-w-eterze.html","title":{"rendered":"\u015awi\u0105tecznie w eterze"},"content":{"rendered":"<p>Zast\u0119pca szefa muzycznego Radia Zet, Rafa\u0142 Freyer t\u0142umaczy nam, \u017ce rozg\u0142o\u015bnia zacznie gra\u0107 \u015bwi\u0105teczne piosenki od pocz\u0105tku grudnia. RMF FM nie ujawnia, kiedy w playliscie stacji pojawi\u0105 si\u0119 okoliczno\u015bciowe utwory. &#8211; Ju\u017c wkr\u00f3tce &#8211; m\u00f3wi nam tylko Adam Czerwi\u0144ski, szef muzyczny RMF FM. Podobnie oszcz\u0119dny w s\u0142owach jest Tomasz Kasprzyk, dyrektor muzyczny Radia Plus i Antyradia i m\u00f3wi jedynie, \u017ce nast\u0105pi to &#8222;wkr\u00f3tce&#8221;.<\/p>\n<p>&#8211; Piosenki \u015bwi\u0105teczne w Radiu Wawa pojawi\u0105 si\u0119 od najbli\u017cszej soboty &#8211; m\u00f3wi nam Micha\u0142 \u017bo\u0142\u0105dkowski, dyrektor muzyczny rozg\u0142o\u015bni.<\/p>\n<p>Anna Perek z dzia\u0142u PR radiowej Tr\u00f3jki wyja\u015bnia nam, \u017ce od poniedzia\u0142ku stacja gra\u0107 b\u0119dzie utwory z p\u0142yty &#8222;Poczt\u00f3wka do \u015bw. Miko\u0142aja&#8221;. &#8211; Co do daty wprowadzenia innych &#8222;\u015bwi\u0105tecznych piosenek&#8221; nie ma jeszcze decyzji &#8211; dodaje.<\/p>\n","protected":false},"excerpt":{"rendered":"Coraz wi\u0119kszymi krokami zbli\u017caj\u0105 si\u0119 \u015bwi\u0119ta Bo\u017cego Narodzenia. Jak co roku w radiowym eterze pojawi\u0105 si\u0119 dobrze znane \u015bwi\u0105teczne piosenki, kt\u00f3re towarzyszy\u0107 b\u0119d\u0105 s\u0142uchaczom wi\u0119kszo\u015bci rozg\u0142o\u015bni przez najbli\u017csze tygodnie. Pierwsze utwory niekt\u00f3re stacje wyemituj\u0105 ju\u017c na pocz\u0105tku grudnia.","protected":false},"author":1,"featured_media":0,"comment_status":"open","ping_status":"closed","sticky":false,"template":"","format":"standard","meta":{"csco_display_header_overlay":false,"csco_singular_sidebar":"","csco_page_header_type":"","csco_page_load_nextpost":"","csco_post_video_location":[],"csco_post_video_location_hash":"","csco_post_video_url":"","csco_post_video_bg_start_time":0,"csco_post_video_bg_end_time":0,"footnotes":""},"categories":[9672],"tags":[],"class_list":{"0":"post-84459","1":"post","2":"type-post","3":"status-publish","4":"format-standard","6":"category-radio","7":"cs-entry","8":"cs-video-wrap"},"_links":{"self":[{"href":"https:\/\/mediarun.com\/pl\/wp-json\/wp\/v2\/posts\/84459","targetHints":{"allow":["GET"]}}],"collection":[{"href":"https:\/\/mediarun.com\/pl\/wp-json\/wp\/v2\/posts"}],"about":[{"href":"https:\/\/mediarun.com\/pl\/wp-json\/wp\/v2\/types\/post"}],"author":[{"embeddable":true,"href":"https:\/\/mediarun.com\/pl\/wp-json\/wp\/v2\/users\/1"}],"replies":[{"embeddable":true,"href":"https:\/\/mediarun.com\/pl\/wp-json\/wp\/v2\/comments?post=84459"}],"version-history":[{"count":0,"href":"https:\/\/mediarun.com\/pl\/wp-json\/wp\/v2\/posts\/84459\/revisions"}],"wp:attachment":[{"href":"https:\/\/mediarun.com\/pl\/wp-json\/wp\/v2\/media?parent=84459"}],"wp:term":[{"taxonomy":"category","embeddable":true,"href":"https:\/\/mediarun.com\/pl\/wp-json\/wp\/v2\/categories?post=84459"},{"taxonomy":"post_tag","embeddable":true,"href":"https:\/\/mediarun.com\/pl\/wp-json\/wp\/v2\/tags?post=84459"}],"curies":[{"name":"wp","href":"https:\/\/api.w.org\/{rel}","templated":true}]}}