{"id":84455,"date":"2005-11-30T17:39:06","date_gmt":"2005-11-30T16:39:06","guid":{"rendered":"https:\/\/mediarun.com\/index.php\/news-posts\/kolejne-wydania-lokalne-faktu\/"},"modified":"2005-11-30T17:39:06","modified_gmt":"2005-11-30T16:39:06","slug":"kolejne-wydania-lokalne-faktu","status":"publish","type":"post","link":"https:\/\/mediarun.com\/pl\/media\/prasa\/kolejne-wydania-lokalne-faktu.html","title":{"rendered":"Kolejne wydania lokalne &#8222;Faktu&#8221;"},"content":{"rendered":"<p>&#8211; Uruchomienie nowych wyda\u0144 lokalnych &#8222;Faktu&#8221; jest kolejnym krokiem w procesie regionalizacji dziennika &#8211; wyja\u015bnia nam Ma\u0142gorzata Ba\u0142uch, public relations &#038; event marketing manager dziennika.<\/p>\n<p>Szefem krakowskiego oddzia\u0142u redakcyjnego jest Wojciech Biedro\u0144, a oddzia\u0142u \u0142\u00f3dzkiego &#8211; Monika Marczy\u0144ska. Oboje do tej pory byli korespondentami &#8222;Faktu&#8221;<\/p>\n<p>Utworzone zosta\u0142y r\u00f3wnie\u017c lokalne oddzia\u0142y Biura Reklamy &#8222;Faktu&#8221;, oferuj\u0105ce powierzchni\u0119 reklamow\u0105 w wydaniach lokalnych. Krakowskim oddzia\u0142em kieruje Iwona Tochowicz, a \u0142\u00f3dzkim &#8211; Dorota Pawlik.<\/p>\n<p>&#8222;Fakt Krak\u00f3w&#8221; i &#8222;Fakt \u0141\u00f3d\u017a&#8221; to ju\u017c kolejno sz\u00f3ste i si\u00f3dme wydania lokalne dziennika. Do tej pory dziennik mia\u0142 wydania lokalne w Warszawie, Poznaniu, Katowicach, Wroc\u0142awiu i Gda\u0144sku. <\/p>\n<p>Nowym wydaniom &#8222;Faktu&#8221; w Krakowie i w \u0141odzi b\u0119dzie towarzyszy\u0142a lokalna kampania reklamowa na outdoorze i w radio.<\/p>\n","protected":false},"excerpt":{"rendered":"W czwartek wydawca gazety &#8222;Fakt&#8221; uruchamia dwa kolejne wydania lokalne dziennika &#8211; w Krakowie i \u0141odzi. W obu miastach powsta\u0142y lokalne oddzia\u0142y redakcji, tworz\u0105ce regionalne strony &#8222;Faktu&#8221;, na kt\u00f3rych znajd\u0105 si\u0119 informacje dotycz\u0105ce wydarze\u0144 spo\u0142eczno &#8211; gospodarczych, kulturalnych oraz sportowych w danym regionie.","protected":false},"author":1,"featured_media":84456,"comment_status":"open","ping_status":"closed","sticky":false,"template":"","format":"standard","meta":{"csco_display_header_overlay":false,"csco_singular_sidebar":"","csco_page_header_type":"","csco_page_load_nextpost":"","csco_post_video_location":[],"csco_post_video_location_hash":"","csco_post_video_url":"","csco_post_video_bg_start_time":0,"csco_post_video_bg_end_time":0,"footnotes":""},"categories":[9673],"tags":[],"class_list":{"0":"post-84455","1":"post","2":"type-post","3":"status-publish","4":"format-standard","5":"has-post-thumbnail","7":"category-prasa","8":"cs-entry","9":"cs-video-wrap"},"_links":{"self":[{"href":"https:\/\/mediarun.com\/pl\/wp-json\/wp\/v2\/posts\/84455","targetHints":{"allow":["GET"]}}],"collection":[{"href":"https:\/\/mediarun.com\/pl\/wp-json\/wp\/v2\/posts"}],"about":[{"href":"https:\/\/mediarun.com\/pl\/wp-json\/wp\/v2\/types\/post"}],"author":[{"embeddable":true,"href":"https:\/\/mediarun.com\/pl\/wp-json\/wp\/v2\/users\/1"}],"replies":[{"embeddable":true,"href":"https:\/\/mediarun.com\/pl\/wp-json\/wp\/v2\/comments?post=84455"}],"version-history":[{"count":0,"href":"https:\/\/mediarun.com\/pl\/wp-json\/wp\/v2\/posts\/84455\/revisions"}],"wp:featuredmedia":[{"embeddable":true,"href":"https:\/\/mediarun.com\/pl\/wp-json\/wp\/v2\/media\/84456"}],"wp:attachment":[{"href":"https:\/\/mediarun.com\/pl\/wp-json\/wp\/v2\/media?parent=84455"}],"wp:term":[{"taxonomy":"category","embeddable":true,"href":"https:\/\/mediarun.com\/pl\/wp-json\/wp\/v2\/categories?post=84455"},{"taxonomy":"post_tag","embeddable":true,"href":"https:\/\/mediarun.com\/pl\/wp-json\/wp\/v2\/tags?post=84455"}],"curies":[{"name":"wp","href":"https:\/\/api.w.org\/{rel}","templated":true}]}}