{"id":84422,"date":"2005-12-01T06:00:00","date_gmt":"2005-12-01T05:00:00","guid":{"rendered":"https:\/\/mediarun.com\/index.php\/news-posts\/nowy-prezenter-w-tvn-meteo-3\/"},"modified":"2005-12-01T06:00:00","modified_gmt":"2005-12-01T05:00:00","slug":"nowy-prezenter-w-tvn-meteo-3","status":"publish","type":"post","link":"https:\/\/mediarun.com\/pl\/ludzie\/awanse\/nowy-prezenter-w-tvn-meteo-3.html","title":{"rendered":"Nowy prezenter w TVN Meteo"},"content":{"rendered":"<p><P>nowy, cykliczny program poradnikowy &#8222;Czy wiesz, \u017ce&#8230;&#8221; po\u015bwi\u0119cony pogodzie, przyrodzie i r\u00f3\u017cnym praktycznym poradom. <\/P><br \/>\n<P>Bart\u0142omiej J\u0119drzejczak od pocz\u0105tku wrze\u015bnia wsp\u00f3\u0142pracuje r\u00f3wnie\u017c z programem &#8222;Dzie\u0144 dobry TVN&#8221;. Wcze\u015bniej by\u0142 zwi\u0105zany z TVP, gdzie pracowa\u0142 jako dziennikarz i prezenter pogody. <\/P><\/p>\n","protected":false},"excerpt":{"rendered":"Od pierwszego grudnia w TVN Meteo pojawi si\u0119 nowy prezenter &#8211; Bart\u0142omiej J\u0119drzejak. Poprowadzi on tak\u017ce ju\u017c wkr\u00f3tce na tej samej antenie&#8230;","protected":false},"author":1,"featured_media":84423,"comment_status":"open","ping_status":"closed","sticky":false,"template":"","format":"standard","meta":{"csco_display_header_overlay":false,"csco_singular_sidebar":"","csco_page_header_type":"","csco_page_load_nextpost":"","csco_post_video_location":[],"csco_post_video_location_hash":"","csco_post_video_url":"","csco_post_video_bg_start_time":0,"csco_post_video_bg_end_time":0,"footnotes":""},"categories":[9678],"tags":[],"class_list":{"0":"post-84422","1":"post","2":"type-post","3":"status-publish","4":"format-standard","5":"has-post-thumbnail","7":"category-awanse","8":"cs-entry","9":"cs-video-wrap"},"_links":{"self":[{"href":"https:\/\/mediarun.com\/pl\/wp-json\/wp\/v2\/posts\/84422","targetHints":{"allow":["GET"]}}],"collection":[{"href":"https:\/\/mediarun.com\/pl\/wp-json\/wp\/v2\/posts"}],"about":[{"href":"https:\/\/mediarun.com\/pl\/wp-json\/wp\/v2\/types\/post"}],"author":[{"embeddable":true,"href":"https:\/\/mediarun.com\/pl\/wp-json\/wp\/v2\/users\/1"}],"replies":[{"embeddable":true,"href":"https:\/\/mediarun.com\/pl\/wp-json\/wp\/v2\/comments?post=84422"}],"version-history":[{"count":0,"href":"https:\/\/mediarun.com\/pl\/wp-json\/wp\/v2\/posts\/84422\/revisions"}],"wp:featuredmedia":[{"embeddable":true,"href":"https:\/\/mediarun.com\/pl\/wp-json\/wp\/v2\/media\/84423"}],"wp:attachment":[{"href":"https:\/\/mediarun.com\/pl\/wp-json\/wp\/v2\/media?parent=84422"}],"wp:term":[{"taxonomy":"category","embeddable":true,"href":"https:\/\/mediarun.com\/pl\/wp-json\/wp\/v2\/categories?post=84422"},{"taxonomy":"post_tag","embeddable":true,"href":"https:\/\/mediarun.com\/pl\/wp-json\/wp\/v2\/tags?post=84422"}],"curies":[{"name":"wp","href":"https:\/\/api.w.org\/{rel}","templated":true}]}}