{"id":84416,"date":"2005-12-01T09:45:52","date_gmt":"2005-12-01T08:45:52","guid":{"rendered":"https:\/\/mediarun.com\/index.php\/news-posts\/10-grudnia-nastapi-final-baru\/"},"modified":"2005-12-01T09:45:52","modified_gmt":"2005-12-01T08:45:52","slug":"10-grudnia-nastapi-final-baru","status":"publish","type":"post","link":"https:\/\/mediarun.com\/pl\/media\/tv\/10-grudnia-nastapi-final-baru.html","title":{"rendered":"10 grudnia nast\u0105pi fina\u0142 Baru"},"content":{"rendered":"<p>W sumie w  programie wzi\u0119\u0142o udzia\u0142 22 uczestnik\u00f3w, bowiem w czasie trwania programu pierwszy sk\u0142ad uzupe\u0142ni\u0142o jeszcze 6 os\u00f3b. <\/p>\n<p>Jednym z tej sz\u00f3stki by\u0142 Grzegorz Pop\u0142awski, wybrany przez \u017ce\u0144sk\u0105 cz\u0119\u015b\u0107 zespo\u0142u. Barmanki by\u0142y znudzone i rozczarowane towarzystwem Barman\u00f3w: Tomek za m\u0142ody, Thomas za ma\u0142y, Marco i Alex zaj\u0119ci! &#8222;Potrzeba nam \u015bwie\u017cej krwi. Potrzeba nam zmian. Potrzeba nam super mana!&#8221; Dziewczyny zdecydowa\u0142y si\u0119 od\u015bwie\u017cy\u0107 BAR EUROPA i og\u0142osi\u0107 casting na nowego uczestnika programu, kt\u00f3ry wygra\u0142 w\u0142a\u015bnie Grzegorz.<\/p>\n<p>Uczestnicy musieli zmierzy\u0107 si\u0119 z wieloma, cz\u0119sto nie\u0142atwymi zadaniami. Ju\u017c na pocz\u0105tku m\u0119\u017cczy\u017ani przeszli przez pr\u00f3b\u0119 survivalu, w czasie kt\u00f3rej dosz\u0142o do konfliktu z instruktorem. O wiele lepiej wypad\u0142y w survivalu dziewczyny, kt\u00f3rym towarzyszy\u0142 Thomas &#8211; instruktor chwali\u0142 ich za hart ducha i umiej\u0119tno\u015b\u0107 pracy zespo\u0142owej.<\/p>\n<p>Na brak zaj\u0119\u0107  BARmani z pewno\u015bci\u0105 nie mogli narzeka\u0107 &#8211; opr\u00f3cz wypraw na basen, do sauny, na narty czy zmaga\u0144 w koszyk\u00f3wce i konkurencjach si\u0142owych, organizowali specjalne wieczory tematyczne. Znajdowali te\u017c czas dla innych, m.in. odwiedzali w szpitalu chore dzieci.<\/p>\n<p>Uczestnicy programu mieli te\u017c okazj\u0119 realizowa\u0107 swoje pasje &#8211; Farida poprowadzi\u0142a audycj\u0119 radiow\u0105, Marco z Ludmi\u0142\u0105 mieli sw\u00f3j wyst\u0119p, w czasie kt\u00f3rego wykonali piosenki z p\u0142yty Marco, a  Ania Trybuszewska robi\u0142a sesj\u0119 fotograficzn\u0105 dziewczynom. <\/p>\n<p>Sesji zdj\u0119ciowych by\u0142o zreszt\u0105 wi\u0119cej &#8211; dziewczyny pozowa\u0142y do zdj\u0119\u0107 w pianie, a panowie w stylizacji retro na lata dwudzieste. Ludmi\u0142a zdecydowa\u0142a si\u0119 nawet na odwa\u017cn\u0105 sesj\u0119 zdj\u0119ciow\u0105 na torach kolejowych.<br \/>\nSpecjaln\u0105 atrakcj\u0105 by\u0142y koncerty w programach na \u017cywo. Na muzycznej scenie BARU EUROPA pojawili si\u0119 m.in. Crazy Frog, Global Deejays, Queens, Ewa Sonnet, Virgin ze swoj\u0105 s\u0142ynn\u0105 wokalistk\u0105 DOD\u0104, Ivan i Delfin, Sumptuastic, \u0141zy, Mafia i &#8211; jak zwykle nieod\u0142\u0105czny towarzysz sceny BAROWEJ &#8211; The Crackers Band.<\/p>\n<p>Ta edycja BARU mia\u0142a te\u017c kilka ekscentrycznych akcent\u00f3w &#8211; wyst\u0105pi\u0142 w niej najbardziej kontrowersyjny w dotychczasowej historii BARU uczestnik, Artur, kt\u00f3rego reszta grupy wr\u0119cz nie tolerowa\u0142a, uwa\u017caj\u0105c go za ca\u0142kowicie nie nadaj\u0105cego si\u0119 do \u017cycia w grupie &#8222;Kosmit\u0119&#8221;. Alex sprowokowa\u0142 instruktora survivalu niemal do b\u00f3jki, a Ludmi\u0142a praktykowa\u0142a ekstremalne g\u0142od\u00f3wki i&#8230; przyk\u0142adanie pijawek.<br \/>\nW programie dosz\u0142o te\u017c do wyj\u0105tkowo licznych przypadk\u00f3w niesubordynacji zawodnik\u00f3w: Ludmi\u0142a podejmowa\u0142a pr\u00f3by ucieczki przez dach i ogrodzenie, a Thomas znikn\u0105\u0142 z domu uczestnik\u00f3w na dwie godziny. Marco, podczas programu na \u017cywo, wyla\u0142 gor\u0105c\u0105 kaw\u0119 na Darka, kt\u00f3ry podrywa\u0142 jego dziewczyn\u0119. Dosz\u0142o te\u017c do pierwszych w historii BARU r\u0119koczyn\u00f3w &#8211; mi\u0119dzy Rosjaninem Vadimem i Anglikiem Thomasem, kt\u00f3rzy w regularnej b\u00f3jce pr\u00f3bowali &#8222;rozwi\u0105za\u0107&#8221; narastaj\u0105cy mi\u0119dzy nimi od d\u0142u\u017cszego czasu konflikt.<\/p>\n<p>Thomas Amos jest z pewno\u015bci\u0105 fenomenem BARU EUROPA &#8211; darzony ogromn\u0105 sympati\u0105 i niesko\u0144czon\u0105 wyrozumia\u0142o\u015bci\u0105 przez widz\u00f3w, a jednocze\u015bnie najbardziej &#8222;t\u0119piony&#8221; przez reszt\u0119 za\u0142ogi. By\u0107 mo\u017ce jest tak\u017ce jednym z dw\u00f3ch faworyt\u00f3w tej edycji.<br \/>\nCzterokrotnie siedzia\u0142 na Gor\u0105cych Krzes\u0142ach, a za b\u00f3jk\u0119 z Vadimem zosta\u0142 poddany surowej krytyce uczestnik\u00f3w i realizator\u00f3w BARU, poniewa\u017c w dotychczasowych pi\u0119ciu edycjach programu nigdy nic takiego nie mia\u0142o miejsca. O karze za ten wybryk mieli zadecydowa\u0107 widzowie. Ostatecznie Thomas zwyci\u0119\u017cy\u0142 w sprawie o pobicie z Vadimem Avanassievem. Wyrok skazuj\u0105cy na Vadima wydali fani i widzowie BARU EUROPA. W specjalnym g\u0142osowaniu u\u0142askawili Thomasa i to Vadim musia\u0142 opu\u015bci\u0107 program. <\/p>\n<p>Kolejny raz widzowie uratowali sk\u00f3r\u0119 Thomasa, kiedy po samowolnym opuszczeniu programu mia\u0142 zosta\u0107 usuni\u0119ty z BARU EUROPA. Ostateczn\u0105 decyzj\u0119 w tego typu sprawach podejmuj\u0105 zawsze widzowie programu. Ten incydent, w ich opinii, nie zas\u0142ugiwa\u0142 jednak na wykluczenie Anglika z dalszej gry. I nie by\u0142 to bynajmniej koniec wyraz\u00f3w sympatii dla Thomasa. Kiedy zasiad\u0142 wraz z Kasi\u0105 na Gor\u0105cych Krzes\u0142ach, na nic nie zda\u0142y si\u0119 s\u0142owa krytyki ze strony wszystkich BARman\u00f3w. Widzowie kolejny raz stan\u0119li po jego stronie. I cho\u0107 r\u00f3\u017cnica g\u0142os\u00f3w by\u0142a minimalna, to jednak BAR EUROPA musia\u0142a opu\u015bci\u0107 Kasia.<\/p>\n<p>W p\u00f3\u0142metku BAROWYCH zmaga\u0144, Thomas &#8211; po raz kolejny negatywnie oceniony przez grup\u0119 Barman\u00f3w &#8211; zasiad\u0142 na jednym z Krzese\u0142.  Ponownie zgodnie za jego odej\u015bciem g\u0142osowali Trzej Muszkieterowie, czyli Robert, Alex i Sebastian. Do tej grupy do\u0142\u0105czy\u0142a tak\u017ce Ania. W dalszym ci\u0105gu zarzucano mu prowokacj\u0119, udawanie, &#8222;zagrywanie&#8221;, bezpodstawne obra\u017canie i granie na lito\u015b\u0107. <\/p>\n<p>Rywala dla Thomasa wybiera\u0142 Robert vel Grek, kt\u00f3ry przez pewien czas pozostawa\u0142 leaderem programu &#8211; zabawny, nie wdaj\u0105cy si\u0119 w konflikty, lubi\u0105cy psoci\u0107 i docina\u0107, zyska\u0142 przychylno\u015b\u0107 uczestnik\u00f3w BARU EUROPA. Zdoby\u0142 najwi\u0119ksz\u0105 ilo\u015b\u0107 plus\u00f3w i postanowi\u0142 rzuci\u0107 wyzwanie Thomasowi &#8211; Robert, jako pierwszy w historii BARU w Polsce uczestnik, sam zdecydowa\u0142,  \u017ce usi\u0105dzie na Gor\u0105cym Krze\u015ble obok wcze\u015bniej wytypowanego przez grup\u0119 Thomasa. Wieczne prowokacje ze strony Anglika, jego  wyzwiska i zniewagi wyczerpa\u0142y cierpliwo\u015b\u0107 Greka. Postanowi\u0142 wi\u0119c rozegra\u0107 rund\u0119 ostateczn\u0105 &#8211; &#8222;albo on, albo ja&#8221;. <\/p>\n<p>Wynik zaskoczy\u0142 nie tylko jego. Otwarte z wra\u017cenia usta, \u0142zy w oczach, zaskoczenie na twarzach i j\u0119k zawodu &#8211; tak na wyniki g\u0142osowania widz\u00f3w, oznaczaj\u0105ce koniec kariery Greka w BARZE EUROPA,  zareagowa\u0142a wi\u0119kszo\u015b\u0107 uczestnik\u00f3w. Dla nich Grek w programie by\u0142 dusz\u0105 towarzystwa, <\/p>\n<p>chodz\u0105cym &#8222;poczuciem humoru&#8221;, &#8222;Ma\u0142ym Misiem&#8221; jak w piosence o Uszatku, ale tak\u017ce kopalni\u0105 wiedzy o historii staro\u017cytnej i mitach greckich, prawdziwym przyjacielem i serdecznym kumplem. Lekko rozczarowany, ku totalnemu przygn\u0119bieniu pozostaj\u0105cej w programie grupy uczestnik\u00f3w, Robert opu\u015bci\u0142 BAR EUROPA. Przegra\u0142 z rywalem, kt\u00f3rego nigdy nie lubi\u0142, kt\u00f3rego uwa\u017ca\u0142 za prowokatora, kr\u0119tacza i komedianta, u\u017cywaj\u0105cego do gry tanich efekt\u00f3w. <\/p>\n<p>&#8222;Na szcz\u0119\u015bcie to tylko gra, a nie prawdziwe \u017cycie. Wtedy wyrok widz\u00f3w by\u0142by dla nas ca\u0142kiem niezrozumia\u0142y&#8221; &#8211; nie ukrywaj\u0105c rozczarowania, komentowali wyniki g\u0142osowania pozostaj\u0105cy w  BARZE uczestnicy.<\/p>\n<p>Najpierw z Kasi\u0105, potem z Grekiem, wreszcie z Ludmi\u0142\u0105&#8230; Gor\u0105ce Krzes\u0142a dla Thomasa sta\u0142y si\u0119 poligonem \u0107wicze\u0144, a nie polem walki. Cho\u0107 po raz kolejny zosta\u0142 wyzwany na pojedynek, z pokonaniem rywalki nie mia\u0142 \u017cadnego k\u0142opotu. Powoli sta\u0142o si\u0119 zasad\u0105, \u017ce Anglik z  ka\u017cdej konfrontacji wychodzi zwyci\u0119sko, w dodatku z coraz lepszym wynikiem. W ten spos\u00f3b, na kilka tygodni przed ko\u0144cem programu sta\u0142 si\u0119 jego liderem.<\/p>\n<p>W kolejnym  tygodniu o ma\u0142y w\u0142os marzenie Barman\u00f3w spe\u0142ni\u0142oby si\u0119.  Jak r\u00f3wny z r\u00f3wnym, z angielskim &#8222;prowokatorem&#8221; Thomasem walczy\u0142 na Gor\u0105cych Krzes\u0142ach w\u0142oski piosenkarz  Marco. W odr\u00f3\u017cnieniu od Thomasa, Marco nie mia\u0142 a\u017c tylu wrog\u00f3w w BARZE, ale to on, decyzj\u0105 widz\u00f3w, musia\u0142 opu\u015bci\u0107 program. Nie podda\u0142 si\u0119 jednak \u0142atwo. Walka do ko\u0144ca by\u0142a bardzo wyr\u00f3wnana. Jako jedyny, jak do tej pory, rywal Thomasa, W\u0142och przegra\u0142 z nim niewielk\u0105 r\u00f3\u017cnic\u0105 g\u0142os\u00f3w. Podobnie jak poprzednim razem, z wyniku g\u0142osowania niezadowoleni byli BARmani. Wiedzieli, \u017ce Thomas ma w BARZE EUROPA bardzo siln\u0105 pozycj\u0119. Mieli jednak nadziej\u0119, \u017ce Marco wykluczy Anglika z gry i \u017ce w ten spos\u00f3b wreszcie pozb\u0119d\u0105 si\u0119 z BARU  nielubianego uczestnika. Tak si\u0119 jednak nie sta\u0142o. Ma\u0142o tego &#8211; Marco na Krzes\u0142ach wspiera\u0142 duchowo swojego przeciwnika. I cho\u0107 o przyja\u017ani mi\u0119dzy nimi nie mo\u017ce by\u0107 mowy, jednak w trakcie wsp\u00f3lnego pobytu w BARZE obaj bardzo z\u017cyli si\u0119 z sob\u0105.<\/p>\n<p>Okazj\u0105 do jakiego\u015b zwrotu akcji mia\u0142o sta\u0107 si\u0119 pojawienie czw\u00f3rki nowych graczy. Do BARU EUROPA weszli Marcin Wojciechowski z Zielonej G\u00f3ry, Agnieszka Korcz z Poznania, Grzegorz Pop\u0142awski z Twardog\u00f3ry (obecnie z Wroc\u0142awia) i Dariusz Bubienko z E\u0142ku (obecnie z Warszawy). Jednak nie wygl\u0105da na to, by ich udzia\u0142 w programie mia\u0142 diametralnie zmieni\u0107 kolejno\u015b\u0107 na li\u015bcie potencjalnych zwyci\u0119zc\u00f3w. <\/p>\n<p>Wydaje si\u0119, \u017ce najwi\u0119ksze szanse na fina\u0142 ma dw\u00f3ch, zdecydowanie prowadz\u0105cych w  rankingu internetowym, rywali: Thomas Amos i Tomasz Golonko.<br \/>\nTomek Golonko jest najm\u0142odszym uczestnikiem BARU EUROPA, jednak swoj\u0105 dojrza\u0142o\u015bci\u0105 i trafno\u015bci\u0105 spostrze\u017ce\u0144 potrafi zaskoczy\u0107 niejednego ze starszych. Mia\u0142 nie\u0142atwe dzieci\u0144stwo, ale uda\u0142o mu si\u0119 zbudowa\u0107 tarcz\u0119 ochronn\u0105 i nie da\u0107 si\u0119 trudnej rzeczywisto\u015bci. Je\u017celi jaki\u015b lamus jest wobec mnie nie OK, odpowiem mu tym samym, bo nie uznaj\u0119 \u017cadnych granic w relacjach mi\u0119dzyludzkich &#8211; m\u00f3wi\u0142 podczas castingu. Od trzech lat jest wolontariuszem &#8211; pomaga dzieciom i osobom starszym, wszystkim tym, kt\u00f3rzy tej pomocy potrzebuj\u0105. Jest szczery, otwarty i towarzyski. Ma artystyczn\u0105 dusz\u0119, a jednocze\u015bnie jest dosy\u0107 uparty i &#8222;wyszczekany&#8221;. Umiem jednak panowa\u0107 nad swoimi emocjami &#8211; m\u00f3wi o sobie Tomek. &#8211;  Lubi\u0119 opiekowa\u0107 si\u0119 innymi. Mam wra\u017cenie, \u017ce czasem jestem zbyt wra\u017cliwy. Ale nie pozwalam sobie wchodzi\u0107 na g\u0142ow\u0119.<\/p>\n<p>Ostatni tydzie\u0144 programu &#8211; od 3 do 10 grudnia &#8211; to pasmo nieustaj\u0105cych emocji, kt\u00f3re widzowie b\u0119d\u0105 mogli \u015bledzi\u0107 w programach na \u017cywo od \u015brody do soboty o godz. 20.00.<\/p>\n<p>Po pierwszych grudniowych Gor\u0105cych Krzes\u0142ach (sobota, 3 grudnia) w BARZE EUROPA zostanie dziewi\u0119cioro uczestnik\u00f3w. Ju\u017c 3 grudnia rozpocznie si\u0119 g\u0142osowanie fina\u0142owe widz\u00f3w, w kt\u00f3rym b\u0119d\u0105 oni mogli oddawa\u0107 sw\u00f3j g\u0142os na osoby, kt\u00f3re ich zdaniem powinny wygra\u0107 program BAR EUROPA. <\/p>\n<p>W \u015brod\u0119 dwie osoby z najni\u017cszymi notowaniami odpadn\u0105. Z szans\u0105 na fina\u0142 pozostanie w programie siedem os\u00f3b. W czwartek odpadn\u0105 dwie kolejne osoby z najs\u0142abszymi notowaniami. W programie pozostanie  pi\u0119\u0107 os\u00f3b. W pi\u0105tek odpadnie jedna osoba.<br \/>\nW wyniku eliminacji w sobot\u0119 w programie pozostanie czworo finalist\u00f3w. Dw\u00f3ch z nich odpadnie w czasie trwania pierwszej cz\u0119\u015bci. W drugiej cz\u0119\u015bci fina\u0142u, czyli w &#8222;BARZE EUROPA &#8211; wyniki&#8221; wyst\u0105pi ju\u017c tylko jedna para fina\u0142owa. Przez pierwsz\u0105 cz\u0119\u015b\u0107 programu widzowie b\u0119d\u0105 jeszcze mieli mo\u017cliwo\u015b\u0107 g\u0142osowania, w drugiej jego cz\u0119\u015bci poznamy zwyci\u0119zc\u0119 BARU EUROPA.<\/p>\n","protected":false},"excerpt":{"rendered":"Spo\u015br\u00f3d kilkunastu tysi\u0119cy ch\u0119tnych z ca\u0142ej Polski, wy\u0142oniono 16 os\u00f3b, kt\u00f3re utworzy\u0142y pierwszy sk\u0142ad BARU EUROPA. Tym razem w gronie BARman\u00f3w znale\u017ali si\u0119 tak\u017ce przedstawiciele innych europejskich nacji, pochodz\u0105cy m.in. z Ukrainy, Litwy, Rosji, W\u0142och, Grecji i Anglii.","protected":false},"author":1,"featured_media":84417,"comment_status":"open","ping_status":"closed","sticky":false,"template":"","format":"standard","meta":{"csco_display_header_overlay":false,"csco_singular_sidebar":"","csco_page_header_type":"","csco_page_load_nextpost":"","csco_post_video_location":[],"csco_post_video_location_hash":"","csco_post_video_url":"","csco_post_video_bg_start_time":0,"csco_post_video_bg_end_time":0,"footnotes":""},"categories":[9670],"tags":[],"class_list":{"0":"post-84416","1":"post","2":"type-post","3":"status-publish","4":"format-standard","5":"has-post-thumbnail","7":"category-tv","8":"cs-entry","9":"cs-video-wrap"},"_links":{"self":[{"href":"https:\/\/mediarun.com\/pl\/wp-json\/wp\/v2\/posts\/84416","targetHints":{"allow":["GET"]}}],"collection":[{"href":"https:\/\/mediarun.com\/pl\/wp-json\/wp\/v2\/posts"}],"about":[{"href":"https:\/\/mediarun.com\/pl\/wp-json\/wp\/v2\/types\/post"}],"author":[{"embeddable":true,"href":"https:\/\/mediarun.com\/pl\/wp-json\/wp\/v2\/users\/1"}],"replies":[{"embeddable":true,"href":"https:\/\/mediarun.com\/pl\/wp-json\/wp\/v2\/comments?post=84416"}],"version-history":[{"count":0,"href":"https:\/\/mediarun.com\/pl\/wp-json\/wp\/v2\/posts\/84416\/revisions"}],"wp:featuredmedia":[{"embeddable":true,"href":"https:\/\/mediarun.com\/pl\/wp-json\/wp\/v2\/media\/84417"}],"wp:attachment":[{"href":"https:\/\/mediarun.com\/pl\/wp-json\/wp\/v2\/media?parent=84416"}],"wp:term":[{"taxonomy":"category","embeddable":true,"href":"https:\/\/mediarun.com\/pl\/wp-json\/wp\/v2\/categories?post=84416"},{"taxonomy":"post_tag","embeddable":true,"href":"https:\/\/mediarun.com\/pl\/wp-json\/wp\/v2\/tags?post=84416"}],"curies":[{"name":"wp","href":"https:\/\/api.w.org\/{rel}","templated":true}]}}