{"id":84410,"date":"2005-12-01T09:52:45","date_gmt":"2005-12-01T08:52:45","guid":{"rendered":"https:\/\/mediarun.com\/index.php\/news-posts\/nowy-prezenter-w-tvn-meteo-2\/"},"modified":"2005-12-01T09:52:45","modified_gmt":"2005-12-01T08:52:45","slug":"nowy-prezenter-w-tvn-meteo-2","status":"publish","type":"post","link":"https:\/\/mediarun.com\/pl\/media\/tv\/nowy-prezenter-w-tvn-meteo-2.html","title":{"rendered":"Nowy prezenter w TVN Meteo"},"content":{"rendered":"<p>Bart\u0142omiej od pocz\u0105tku wrze\u015bnia wsp\u00f3\u0142pracuje r\u00f3wnie\u017c z programem  &#8222;Dzie\u0144 dobry TVN&#8221;. Wcze\u015bniej by\u0142 zwi\u0105zany z TVP, gdzie pracowa\u0142 jako dziennikarz i prezenter pogody. <\/p>\n<p>TVN Meteo to pierwsza w Polsce telewizja po\u015bwi\u0119cona pogodzie i wszystkiemu co jest z ni\u0105 zwi\u0105zane. Rzetelnie i dok\u0142adnie informuje o pogodzie, przypomina tak\u017ce o tym, co warto zrobi\u0107 w wolnym czasie &#8211; podsuwa pomys\u0142y, gdzie pojecha\u0107, co zobaczy\u0107 i jak najlepiej wykorzysta\u0107 ka\u017cd\u0105 pogod\u0119. Program jest dost\u0119pny przez sieci kablowe i platformy cyfrowe.<\/p>\n","protected":false},"excerpt":{"rendered":"Od pierwszego grudnia w TVN Meteo pojawi si\u0119 nowy prezenter &#8211; Bart\u0142omiej J\u0119drzejak. Poprowadzi on tak\u017ce ju\u017c wkr\u00f3tce na tej samej antenie nowy, cykliczny program poradnikowy &#8222;Czy wiesz, \u017ce&#8230;&#8221; po\u015bwi\u0119cony pogodzie, przyrodzie i r\u00f3\u017cnym praktycznym poradom np.: jak zmieni\u0107 opon\u0119 w samochodzie lub na co warto si\u0119 zaszczepi\u0107.","protected":false},"author":1,"featured_media":84411,"comment_status":"open","ping_status":"closed","sticky":false,"template":"","format":"standard","meta":{"csco_display_header_overlay":false,"csco_singular_sidebar":"","csco_page_header_type":"","csco_page_load_nextpost":"","csco_post_video_location":[],"csco_post_video_location_hash":"","csco_post_video_url":"","csco_post_video_bg_start_time":0,"csco_post_video_bg_end_time":0,"footnotes":""},"categories":[9670],"tags":[],"class_list":{"0":"post-84410","1":"post","2":"type-post","3":"status-publish","4":"format-standard","5":"has-post-thumbnail","7":"category-tv","8":"cs-entry","9":"cs-video-wrap"},"_links":{"self":[{"href":"https:\/\/mediarun.com\/pl\/wp-json\/wp\/v2\/posts\/84410","targetHints":{"allow":["GET"]}}],"collection":[{"href":"https:\/\/mediarun.com\/pl\/wp-json\/wp\/v2\/posts"}],"about":[{"href":"https:\/\/mediarun.com\/pl\/wp-json\/wp\/v2\/types\/post"}],"author":[{"embeddable":true,"href":"https:\/\/mediarun.com\/pl\/wp-json\/wp\/v2\/users\/1"}],"replies":[{"embeddable":true,"href":"https:\/\/mediarun.com\/pl\/wp-json\/wp\/v2\/comments?post=84410"}],"version-history":[{"count":0,"href":"https:\/\/mediarun.com\/pl\/wp-json\/wp\/v2\/posts\/84410\/revisions"}],"wp:featuredmedia":[{"embeddable":true,"href":"https:\/\/mediarun.com\/pl\/wp-json\/wp\/v2\/media\/84411"}],"wp:attachment":[{"href":"https:\/\/mediarun.com\/pl\/wp-json\/wp\/v2\/media?parent=84410"}],"wp:term":[{"taxonomy":"category","embeddable":true,"href":"https:\/\/mediarun.com\/pl\/wp-json\/wp\/v2\/categories?post=84410"},{"taxonomy":"post_tag","embeddable":true,"href":"https:\/\/mediarun.com\/pl\/wp-json\/wp\/v2\/tags?post=84410"}],"curies":[{"name":"wp","href":"https:\/\/api.w.org\/{rel}","templated":true}]}}