{"id":84375,"date":"2005-12-01T10:48:26","date_gmt":"2005-12-01T09:48:26","guid":{"rendered":"https:\/\/mediarun.com\/index.php\/news-posts\/cyfra-i-cyfrowy-polsat-kontra-tvp\/"},"modified":"2005-12-01T10:48:26","modified_gmt":"2005-12-01T09:48:26","slug":"cyfra-i-cyfrowy-polsat-kontra-tvp","status":"publish","type":"post","link":"https:\/\/mediarun.com\/pl\/media\/tv\/cyfra-i-cyfrowy-polsat-kontra-tvp.html","title":{"rendered":"Cyfra+ i Cyfrowy Polsat kontra TVP"},"content":{"rendered":"<p>&#8211; A wszystko po tym, jak szef telewizji publicznej Jan Dworak zapowiedzia\u0142, \u017ce jego firma ju\u017c nie b\u0119dzie \u017c\u0105da\u0107 op\u0142at od operator\u00f3w kablowych za retransmisj\u0119 swoich program\u00f3w. Doda\u0142 przy tym, \u017ce w relacjach z operatorami satelitarnej telewizji p\u0142atnej nic si\u0119 nie zmienia. Jak ju\u017c pisali\u015bmy, te relacje nie uk\u0142adaj\u0105 si\u0119 najlepiej &#8211; TVP oskar\u017cy\u0142a Cyfr\u0119+ oraz Cyfrowy Polsat o bezprawn\u0105 reemisj\u0119 swoich program\u00f3w i skierowa\u0142a spraw\u0119 do prokuratury. &#8211; informuje &#8222;Gazeta Wyborcza&#8221;<\/p>\n<p> Dzi\u015b wystosowali\u015bmy pismo do zarz\u0105du TVP, kt\u00f3re posz\u0142o te\u017c do wiadomo\u015bci Krajowej Rady Radiofonii i Telewizji. Prosimy w nim o oficjalne potwierdzenie informacji opublikowanych we wtorkowej prasie &#8211; powiedzia\u0142 &#8222;GW&#8221; Dominik Libicki, prezes Cyfrowego Polsatu. &#8211; Je\u017celi si\u0119 potwierdz\u0105, b\u0119dziemy dzia\u0142a\u0107.<\/p>\n<p>&#8211; Operatorzy satelitarnej telewizji p\u0142atnej twierdz\u0105, \u017ce udost\u0119pniaj\u0105c sieciom kablowym sw\u00f3j sygna\u0142 za darmo i jednocze\u015bnie \u017c\u0105daj\u0105c op\u0142at od platform, TVP dyskryminuje te ostatnie, wykorzystuj\u0105c swoj\u0105 dominuj\u0105c\u0105 pozycj\u0119 rynkow\u0105. Dlatego Cyfra+ ju\u017c skierowa\u0142a wniosek do Urz\u0119du Ochrony Konkurencji i Konsument\u00f3w (UOKiK), a Cyfrowy Polsat deklaruje, \u017ce uczyni to w przysz\u0142ym tygodniu. Obie sp\u00f3\u0142ki podkre\u015blaj\u0105, \u017ce nie rozumiej\u0105 \u017c\u0105da\u0144 TVP. &#8211; czytamy w &#8222;Gazecie Wyborczej&#8221;<\/p>\n<p>&#8211; Jako nadawca publiczny TVP ma obowi\u0105zek docierania do jak najszerszego grona odbiorc\u00f3w. Robi to m.in. za naszym po\u015brednictwem i nigdy nie \u017c\u0105dali\u015bmy za to op\u0142at &#8211; m\u00f3wi dziennikowi Dominique Lesage, dyrektor ds. korporacyjnych Cyfry+. Szef Cyfrowego Polsatu dodaje, \u017ce \u0142\u0105cznie platformy cyfrowe docieraj\u0105 do 1,28 mln rodzin, co daje ok. 10 proc. telewizyjnych gospodarstw domowych w Polsce. &#8211; Czy TVP naprawd\u0119 zale\u017cy na tym, \u017ceby\u015bmy wy\u0142\u0105czyli jej programy, zmniejszaj\u0105c jej zasi\u0119g techniczny o 10 proc., a tym samym i wp\u0142ywy reklamowe? &#8211; pyta Libicki. <\/p>\n<p>&#8211; \u017b\u0105dania TVP mog\u0105 skomplikowa\u0107 \u017cycie klientom Cyfry+ i Cyfrowego Polsatu, gdy\u017c op\u0142aty na rzecz TVP sp\u00f3\u0142ki przerzuc\u0105 na abonent\u00f3w, kt\u00f3rzy ju\u017c utrzymuj\u0105 telewizj\u0119 publiczn\u0105, p\u0142ac\u0105c abonament na poczcie. &#8211; pisze &#8222;GW&#8221;<\/p>\n","protected":false},"excerpt":{"rendered":"Cyfra+ oraz Cyfrowy Polsat skar\u017c\u0105 si\u0119 na TVP do urz\u0119du antymonopolowego oraz Krajowej Rady. Zastrzegaj\u0105, \u017ce mog\u0105 zwr\u00f3ci\u0107 si\u0119 r\u00f3wnie\u017c do Komisji Europejskiej. Pow\u00f3d? Nadawca publiczny \u017c\u0105da od nich pieni\u0119dzy za retransmisj\u0119 swoich program\u00f3w &#8211; donosi &#8222;Gazeta Wyborcza&#8221;","protected":false},"author":1,"featured_media":0,"comment_status":"open","ping_status":"closed","sticky":false,"template":"","format":"standard","meta":{"csco_display_header_overlay":false,"csco_singular_sidebar":"","csco_page_header_type":"","csco_page_load_nextpost":"","csco_post_video_location":[],"csco_post_video_location_hash":"","csco_post_video_url":"","csco_post_video_bg_start_time":0,"csco_post_video_bg_end_time":0,"footnotes":""},"categories":[9670],"tags":[],"class_list":{"0":"post-84375","1":"post","2":"type-post","3":"status-publish","4":"format-standard","6":"category-tv","7":"cs-entry","8":"cs-video-wrap"},"_links":{"self":[{"href":"https:\/\/mediarun.com\/pl\/wp-json\/wp\/v2\/posts\/84375","targetHints":{"allow":["GET"]}}],"collection":[{"href":"https:\/\/mediarun.com\/pl\/wp-json\/wp\/v2\/posts"}],"about":[{"href":"https:\/\/mediarun.com\/pl\/wp-json\/wp\/v2\/types\/post"}],"author":[{"embeddable":true,"href":"https:\/\/mediarun.com\/pl\/wp-json\/wp\/v2\/users\/1"}],"replies":[{"embeddable":true,"href":"https:\/\/mediarun.com\/pl\/wp-json\/wp\/v2\/comments?post=84375"}],"version-history":[{"count":0,"href":"https:\/\/mediarun.com\/pl\/wp-json\/wp\/v2\/posts\/84375\/revisions"}],"wp:attachment":[{"href":"https:\/\/mediarun.com\/pl\/wp-json\/wp\/v2\/media?parent=84375"}],"wp:term":[{"taxonomy":"category","embeddable":true,"href":"https:\/\/mediarun.com\/pl\/wp-json\/wp\/v2\/categories?post=84375"},{"taxonomy":"post_tag","embeddable":true,"href":"https:\/\/mediarun.com\/pl\/wp-json\/wp\/v2\/tags?post=84375"}],"curies":[{"name":"wp","href":"https:\/\/api.w.org\/{rel}","templated":true}]}}