{"id":84371,"date":"2005-12-01T11:26:00","date_gmt":"2005-12-01T10:26:00","guid":{"rendered":"https:\/\/mediarun.com\/index.php\/news-posts\/rajd-barborka-na-zywo-w-itvp\/"},"modified":"2005-12-01T11:26:00","modified_gmt":"2005-12-01T10:26:00","slug":"rajd-barborka-na-zywo-w-itvp","status":"publish","type":"post","link":"https:\/\/mediarun.com\/pl\/media\/tv\/rajd-barborka-na-zywo-w-itvp.html","title":{"rendered":"Rajd Barb\u00f3rka na \u017cywo w iTVP"},"content":{"rendered":"<p>Osiem kamer stacjonarnych, jedna dynamiczna oraz jedna umieszczona na jedenastometrowym, ruchomym ramieniu gwarantuje emocjonuj\u0105cy przekaz. W czasie transmisji wywiady z zawodnikami, organizatorami i kibicami rajdu poprowadz\u0105 Marek Oblaci\u0144ski i Krzysztof G\u0119borys. Wydarzenie komentowa\u0107 b\u0119dzie Miko\u0142aj Madej (TVP3 \u0141\u00f3d\u017a) oraz wielokrotny mistrz Polski Pawe\u0142 Przybylski. Relacja rajdu zako\u0144czy si\u0119 ceremoni\u0105 dekoracji zwyci\u0119zc\u00f3w tegorocznych, rajdowych mistrzostw Polski. Dodatkowo widzowie iTVP podczas transmisji b\u0119d\u0105 mogli komentowa\u0107 przebieg rajdu na czacie, a po zako\u0144czeniu relacji na forum dyskusyjnym. <\/p>\n<p>Natomiast ju\u017c teraz na stornie www.itvp.pl\/rajd_barborka mo\u017cna zobaczy\u0107 rajdowe zmagania z zesz\u0142ego roku oraz pe\u0142n\u0105 list\u0119 startow\u0105 uczestnik\u00f3w rajdu.<\/p>\n","protected":false},"excerpt":{"rendered":"Kolejne presti\u017cowe wydarzenie na internetowej antenie iTVP. 3 grudnia o 17:05 rozpocznie si\u0119 relacja z 43. edycji Rajdu Barb\u00f3rka. Fani sport\u00f3w motorowych b\u0119d\u0105 mieli okazj\u0119 zobaczy\u0107 na \u017cywo Og\u00f3lnopolskie Kryterium As\u00f3w OS Karowa.","protected":false},"author":1,"featured_media":84372,"comment_status":"open","ping_status":"closed","sticky":false,"template":"","format":"standard","meta":{"csco_display_header_overlay":false,"csco_singular_sidebar":"","csco_page_header_type":"","csco_page_load_nextpost":"","csco_post_video_location":[],"csco_post_video_location_hash":"","csco_post_video_url":"","csco_post_video_bg_start_time":0,"csco_post_video_bg_end_time":0,"footnotes":""},"categories":[9670],"tags":[],"class_list":{"0":"post-84371","1":"post","2":"type-post","3":"status-publish","4":"format-standard","5":"has-post-thumbnail","7":"category-tv","8":"cs-entry","9":"cs-video-wrap"},"_links":{"self":[{"href":"https:\/\/mediarun.com\/pl\/wp-json\/wp\/v2\/posts\/84371","targetHints":{"allow":["GET"]}}],"collection":[{"href":"https:\/\/mediarun.com\/pl\/wp-json\/wp\/v2\/posts"}],"about":[{"href":"https:\/\/mediarun.com\/pl\/wp-json\/wp\/v2\/types\/post"}],"author":[{"embeddable":true,"href":"https:\/\/mediarun.com\/pl\/wp-json\/wp\/v2\/users\/1"}],"replies":[{"embeddable":true,"href":"https:\/\/mediarun.com\/pl\/wp-json\/wp\/v2\/comments?post=84371"}],"version-history":[{"count":0,"href":"https:\/\/mediarun.com\/pl\/wp-json\/wp\/v2\/posts\/84371\/revisions"}],"wp:featuredmedia":[{"embeddable":true,"href":"https:\/\/mediarun.com\/pl\/wp-json\/wp\/v2\/media\/84372"}],"wp:attachment":[{"href":"https:\/\/mediarun.com\/pl\/wp-json\/wp\/v2\/media?parent=84371"}],"wp:term":[{"taxonomy":"category","embeddable":true,"href":"https:\/\/mediarun.com\/pl\/wp-json\/wp\/v2\/categories?post=84371"},{"taxonomy":"post_tag","embeddable":true,"href":"https:\/\/mediarun.com\/pl\/wp-json\/wp\/v2\/tags?post=84371"}],"curies":[{"name":"wp","href":"https:\/\/api.w.org\/{rel}","templated":true}]}}