{"id":84368,"date":"2005-12-01T11:47:35","date_gmt":"2005-12-01T10:47:35","guid":{"rendered":"https:\/\/mediarun.com\/index.php\/news-posts\/redakcja-muzyczna-w-grupie-radiowej-agory\/"},"modified":"2005-12-01T11:47:35","modified_gmt":"2005-12-01T10:47:35","slug":"redakcja-muzyczna-w-grupie-radiowej-agory","status":"publish","type":"post","link":"https:\/\/mediarun.com\/pl\/media\/radio\/redakcja-muzyczna-w-grupie-radiowej-agory.html","title":{"rendered":"Redakcja muzyczna w Grupie Radiowej Agory"},"content":{"rendered":"<p>&#8211; Do tej pory ka\u017cda stacja i ka\u017cdy format mia\u0142a swojego cz\u0142owieka odpowiedzialnego za jej muzyk\u0119 &#8211; m\u00f3wi nam Krzysztof Janur. &#8211; Teraz stworzyli\u015bmy zesp\u00f3\u0142 najlepszych ludzi, kt\u00f3ry wsp\u00f3lnie b\u0119dzie dba\u0142 o polityk\u0119 muzyczn\u0105 i programowanie muzyki we wszystkich stacjach Grupy Radiowej Agory &#8211; dodaje.<\/p>\n","protected":false},"excerpt":{"rendered":"W Grupie Radiowej Agory powsta\u0142a centralna redakcja muzyczna. Jak wyja\u015bnia nam jej dyrektor Krzysztof Janur jest to zebranie w jednym miejscu i uporz\u0105dkowanie pracy zwi\u0105zanej z muzyk\u0105 w stacjach Grupy. W sk\u0142ad redakcji muzycznej wchodz\u0105 Anna Pinok, J\u0119drzej \u015awierczy\u0144ski oraz Krzysztof Janur.","protected":false},"author":1,"featured_media":84369,"comment_status":"open","ping_status":"closed","sticky":false,"template":"","format":"standard","meta":{"csco_display_header_overlay":false,"csco_singular_sidebar":"","csco_page_header_type":"","csco_page_load_nextpost":"","csco_post_video_location":[],"csco_post_video_location_hash":"","csco_post_video_url":"","csco_post_video_bg_start_time":0,"csco_post_video_bg_end_time":0,"footnotes":""},"categories":[9672],"tags":[],"class_list":{"0":"post-84368","1":"post","2":"type-post","3":"status-publish","4":"format-standard","5":"has-post-thumbnail","7":"category-radio","8":"cs-entry","9":"cs-video-wrap"},"_links":{"self":[{"href":"https:\/\/mediarun.com\/pl\/wp-json\/wp\/v2\/posts\/84368","targetHints":{"allow":["GET"]}}],"collection":[{"href":"https:\/\/mediarun.com\/pl\/wp-json\/wp\/v2\/posts"}],"about":[{"href":"https:\/\/mediarun.com\/pl\/wp-json\/wp\/v2\/types\/post"}],"author":[{"embeddable":true,"href":"https:\/\/mediarun.com\/pl\/wp-json\/wp\/v2\/users\/1"}],"replies":[{"embeddable":true,"href":"https:\/\/mediarun.com\/pl\/wp-json\/wp\/v2\/comments?post=84368"}],"version-history":[{"count":0,"href":"https:\/\/mediarun.com\/pl\/wp-json\/wp\/v2\/posts\/84368\/revisions"}],"wp:featuredmedia":[{"embeddable":true,"href":"https:\/\/mediarun.com\/pl\/wp-json\/wp\/v2\/media\/84369"}],"wp:attachment":[{"href":"https:\/\/mediarun.com\/pl\/wp-json\/wp\/v2\/media?parent=84368"}],"wp:term":[{"taxonomy":"category","embeddable":true,"href":"https:\/\/mediarun.com\/pl\/wp-json\/wp\/v2\/categories?post=84368"},{"taxonomy":"post_tag","embeddable":true,"href":"https:\/\/mediarun.com\/pl\/wp-json\/wp\/v2\/tags?post=84368"}],"curies":[{"name":"wp","href":"https:\/\/api.w.org\/{rel}","templated":true}]}}