{"id":84365,"date":"2005-12-01T11:50:15","date_gmt":"2005-12-01T10:50:15","guid":{"rendered":"https:\/\/mediarun.com\/index.php\/news-posts\/krrit-przeciwko-postulatom-pis\/"},"modified":"2005-12-01T11:50:15","modified_gmt":"2005-12-01T10:50:15","slug":"krrit-przeciwko-postulatom-pis","status":"publish","type":"post","link":"https:\/\/mediarun.com\/pl\/media\/tv\/krrit-przeciwko-postulatom-pis.html","title":{"rendered":"KRRiT przeciwko postulatom PiS"},"content":{"rendered":"<p>Podkre\u015bla, \u017ce wbrew deklarowanej przez PiS intencji nie oznacza on realizacji postulatu budowy zintegrowanego, niezale\u017cnego regulatora rynku, a wr\u0119cz przeciwnie &#8211; znaczn\u0105 cz\u0119\u015b\u0107 kompetencji przenosi do zale\u017cnego od rz\u0105du UKE.<\/p>\n<p>Projekt nie okre\u015bla statusu medi\u00f3w publicznych, nie zawiera r\u00f3wnie\u017c wylicze\u0144 konsekwencji finansowych realizacji ustawy (zwi\u0105zanych np. z likwidacj\u0105 URTiP).<\/p>\n<p>Przyj\u0119te przez KRRiT stanowisko jest odpowiedzi\u0105 na skierowany do przewodnicz\u0105cej KRRiT Danuty Waniek list marsza\u0142ka sejmu Marka Jurka, w kt\u00f3rym prosi\u0142 on o przedstawienie do 2 grudnia opinii na temat zmian w ustawie o radiofonii i telewizji, zwi\u0105zanych z projektem ustawy o radiofonii i telewizji zg\u0142oszonym przez PiS.<\/p>\n","protected":false},"excerpt":{"rendered":"Krajowa Rada Radiofonii i Telewizji zwraca uwag\u0119 na fakt, \u017ce zg\u0142oszony przez Prawo i Sprawiedliwo\u015b\u0107 projekt ustawy o radiofonii i telewizji oznacza radykalne zmiany w ustroju medi\u00f3w elektronicznych ukszta\u0142towanym w Polsce w ci\u0105gu ostatnich 15 lat.","protected":false},"author":1,"featured_media":84366,"comment_status":"open","ping_status":"closed","sticky":false,"template":"","format":"standard","meta":{"csco_display_header_overlay":false,"csco_singular_sidebar":"","csco_page_header_type":"","csco_page_load_nextpost":"","csco_post_video_location":[],"csco_post_video_location_hash":"","csco_post_video_url":"","csco_post_video_bg_start_time":0,"csco_post_video_bg_end_time":0,"footnotes":""},"categories":[9670],"tags":[],"class_list":{"0":"post-84365","1":"post","2":"type-post","3":"status-publish","4":"format-standard","5":"has-post-thumbnail","7":"category-tv","8":"cs-entry","9":"cs-video-wrap"},"_links":{"self":[{"href":"https:\/\/mediarun.com\/pl\/wp-json\/wp\/v2\/posts\/84365","targetHints":{"allow":["GET"]}}],"collection":[{"href":"https:\/\/mediarun.com\/pl\/wp-json\/wp\/v2\/posts"}],"about":[{"href":"https:\/\/mediarun.com\/pl\/wp-json\/wp\/v2\/types\/post"}],"author":[{"embeddable":true,"href":"https:\/\/mediarun.com\/pl\/wp-json\/wp\/v2\/users\/1"}],"replies":[{"embeddable":true,"href":"https:\/\/mediarun.com\/pl\/wp-json\/wp\/v2\/comments?post=84365"}],"version-history":[{"count":0,"href":"https:\/\/mediarun.com\/pl\/wp-json\/wp\/v2\/posts\/84365\/revisions"}],"wp:featuredmedia":[{"embeddable":true,"href":"https:\/\/mediarun.com\/pl\/wp-json\/wp\/v2\/media\/84366"}],"wp:attachment":[{"href":"https:\/\/mediarun.com\/pl\/wp-json\/wp\/v2\/media?parent=84365"}],"wp:term":[{"taxonomy":"category","embeddable":true,"href":"https:\/\/mediarun.com\/pl\/wp-json\/wp\/v2\/categories?post=84365"},{"taxonomy":"post_tag","embeddable":true,"href":"https:\/\/mediarun.com\/pl\/wp-json\/wp\/v2\/tags?post=84365"}],"curies":[{"name":"wp","href":"https:\/\/api.w.org\/{rel}","templated":true}]}}