{"id":84355,"date":"2005-12-01T14:39:27","date_gmt":"2005-12-01T13:39:27","guid":{"rendered":"https:\/\/mediarun.com\/index.php\/news-posts\/panorama-dla-pis-u\/"},"modified":"2005-12-01T14:39:27","modified_gmt":"2005-12-01T13:39:27","slug":"panorama-dla-pis-u","status":"publish","type":"post","link":"https:\/\/mediarun.com\/pl\/media\/tv\/panorama-dla-pis-u.html","title":{"rendered":"Panorama dla PiS-u?"},"content":{"rendered":"<p>&#8211; Ostatnio pojawi\u0142y si\u0119 nieoficjalne informacje, wed\u0142ug kt\u00f3rych partia rz\u0105dz\u0105ca porozumia\u0142a si\u0119 z w\u0142adzami TVP co do przekazania jej kontroli nad Panoram\u0105, najwa\u017cniejszym programem informacyjnym Dw\u00f3jki. Pragn\u0105cy zachowa\u0107 anonimowo\u015b\u0107 nasz rozm\u00f3wca z kr\u0119g\u00f3w zbli\u017conych do kierownictwa TVP potwierdz\u0105 \u017ce na korytarzach gmachu przy Woronicza m\u00f3wi si\u0119, \u017ce szefem Panoramy mia\u0142by zosta\u0107 mianowany radykalnie prawicowy publicysta Kuba Sufin, kt\u00f3ry by\u0142  dziennikarzem Wiadomo\u015bci, gdy prezesem TVP by\u0142 Wies\u0142aw Walendziak &#8211; informuje &#8222;Trybuna&#8221;<\/p>\n<p>&#8211; Radzimy kontaktowa\u0107 si\u0119 dzi\u015b wy\u0142\u0105cznie z rzecznikiem zarz\u0105du-us\u0142ysza\u0142a &#8222;Trybuna&#8221; w sekretariacie prezesa. Rzecznik TVP Jaros\u0142aw Szczepa\u0144ski zaprzeczy\u0142 naszym informacjom. &#8211; Nie by\u0142o \u017cadnego porozumienia mi\u0119dzy w\u0142adzami TVP a PiS w sprawie jakiegokolwiek podzia\u0142u stanowisk- powiedzia\u0142 dziennikarzowi &#8222;Trybuny&#8221;. Pomys\u0142y PiS przyjmowane s\u0105 krytycznie przez Platform\u0119 Obywatelsk\u0105, &#8211; Media publiczne, zgodnie z konstytucj\u0105 powinny by\u0107 ca\u0142kowicie niezale\u017cne od polityk\u00f3w i obiektywne, ale historia pokazuje, \u017ce ilekro\u0107 jaka\u015b opcja polityczna dochodzi do w\u0142adzy, chce sobie je podporz\u0105dkowa\u0107 &#8211; m\u00f3wi pose\u0142 PO Jerzy Fedorowicz. &#8211; Ja bym zaufa\u0142 dziennikarzom. A co do pomys\u0142u przej\u0119cia Panoramy to ja nie rozumiem. Czy mia\u0142oby to znaczy\u0107, \u017ce PiS mia\u0142by dyktowa\u0107 Panoramie co m\u00f3wi\u0107, w jaki spos\u00f3b i co pokazywa\u0107? Gdybym by\u0142 dziennikarzem i otrzyma\u0142 takie polecenie, to bym o razu z tej pracy zrezygnowa\u0142. <\/p>\n","protected":false},"excerpt":{"rendered":"&#8211; Pojawia si\u0119 coraz wi\u0119cej sygna\u0142\u00f3w, \u017ce Prawo i Sprawiedliwo\u015b\u0107 w szybkim tempie przyst\u0119puje do opanowania telewizji publicznej. W ubieg\u0142ym tygodniu PiS og\u0142osi\u0142o projekt nowelizacji ustawy o Krajowej Radzie Radiofonii i Telewizji, kt\u00f3ra spowodowa\u0142aby przej\u0119cie przez t\u0119 parti\u0119 kontroli nad rad\u0105 &#8211; donosi &#8222;Trybuna&#8221;","protected":false},"author":1,"featured_media":0,"comment_status":"open","ping_status":"closed","sticky":false,"template":"","format":"standard","meta":{"csco_display_header_overlay":false,"csco_singular_sidebar":"","csco_page_header_type":"","csco_page_load_nextpost":"","csco_post_video_location":[],"csco_post_video_location_hash":"","csco_post_video_url":"","csco_post_video_bg_start_time":0,"csco_post_video_bg_end_time":0,"footnotes":""},"categories":[9670],"tags":[],"class_list":{"0":"post-84355","1":"post","2":"type-post","3":"status-publish","4":"format-standard","6":"category-tv","7":"cs-entry","8":"cs-video-wrap"},"_links":{"self":[{"href":"https:\/\/mediarun.com\/pl\/wp-json\/wp\/v2\/posts\/84355","targetHints":{"allow":["GET"]}}],"collection":[{"href":"https:\/\/mediarun.com\/pl\/wp-json\/wp\/v2\/posts"}],"about":[{"href":"https:\/\/mediarun.com\/pl\/wp-json\/wp\/v2\/types\/post"}],"author":[{"embeddable":true,"href":"https:\/\/mediarun.com\/pl\/wp-json\/wp\/v2\/users\/1"}],"replies":[{"embeddable":true,"href":"https:\/\/mediarun.com\/pl\/wp-json\/wp\/v2\/comments?post=84355"}],"version-history":[{"count":0,"href":"https:\/\/mediarun.com\/pl\/wp-json\/wp\/v2\/posts\/84355\/revisions"}],"wp:attachment":[{"href":"https:\/\/mediarun.com\/pl\/wp-json\/wp\/v2\/media?parent=84355"}],"wp:term":[{"taxonomy":"category","embeddable":true,"href":"https:\/\/mediarun.com\/pl\/wp-json\/wp\/v2\/categories?post=84355"},{"taxonomy":"post_tag","embeddable":true,"href":"https:\/\/mediarun.com\/pl\/wp-json\/wp\/v2\/tags?post=84355"}],"curies":[{"name":"wp","href":"https:\/\/api.w.org\/{rel}","templated":true}]}}