{"id":84354,"date":"2005-12-01T14:46:04","date_gmt":"2005-12-01T13:46:04","guid":{"rendered":"https:\/\/mediarun.com\/index.php\/news-posts\/mundial-bedzie-kodowany\/"},"modified":"2005-12-01T14:46:04","modified_gmt":"2005-12-01T13:46:04","slug":"mundial-bedzie-kodowany","status":"publish","type":"post","link":"https:\/\/mediarun.com\/pl\/media\/tv\/mundial-bedzie-kodowany.html","title":{"rendered":"Mundial b\u0119dzie kodowany"},"content":{"rendered":"<p>&#8211; Polska jest ostatnim krajem w Europie, w kt\u00f3rym \u017cadna stacja nie ma jeszcze praw telewizyjnych do mundialu. Staraj\u0105 si\u0119 o nie Polsat i TVP. Obie, w razie wygranej, poka\u017c\u0105 turniej w swoich kodowanych kana\u0142ach sportowych &#8211; Polsacie Sport lub TVP Sport. Na anteny otwarte trafi\u0105 wy\u0142\u0105cznie spotkania Polak\u00f3w, mecz otwarcia, p\u00f3\u0142fina\u0142y i fina\u0142. &#8211; pisze &#8222;\u017bW&#8221;<\/p>\n<p>&#8211; TVP Sport to na razie tw\u00f3r wirtualny. W\u0142adze &#8222;Publicznej&#8221; dopiero co og\u0142osi\u0142y, \u017ce zamierzaj\u0105 go uruchomi\u0107. Jego sygna\u0142 ma trafi\u0107 za op\u0142at\u0105 do kabl\u00f3wek i na platformy cyfrowe. Kiedy zostanie uruchomiony? &#8211; donosi &#8222;\u017bycie Warszawy&#8221;<\/p>\n<p>&#8211; Na pewno w 2006 roku. Dok\u0142adnego terminu nie mog\u0119 poda\u0107 &#8211; m\u00f3wi Robert Korzeniowski, szef sportu w &#8222;Publicznej&#8221;, autor koncepcji TVP Sport.<\/p>\n<p>&#8211; Termin jest jednak oczywisty. Si\u00f3dmego czerwca rozpoczynaj\u0105 si\u0119 mistrzostwa \u015bwiata w Niemczech. Je\u015bli trafi\u0105 do nowego kana\u0142u, a taki jest plan, operatorzy kabl\u00f3wek i platform cyfrowych b\u0119d\u0105 kupowa\u0107 TVP Sport jak \u015bwie\u017ce bu\u0142eczki. &#8211; informuje dziennik<\/p>\n","protected":false},"excerpt":{"rendered":"Bez wzgl\u0119du na to, czy prawa do M\u015a 2006 kupi TVP, czy Zygmunt Solorz i jego Polsat, wi\u0119kszo\u015b\u0107 spotka\u0144 i tak zostanie zakodowana &#8211; informuje &#8222;\u017bycie Warszawy&#8221;.","protected":false},"author":1,"featured_media":0,"comment_status":"open","ping_status":"closed","sticky":false,"template":"","format":"standard","meta":{"csco_display_header_overlay":false,"csco_singular_sidebar":"","csco_page_header_type":"","csco_page_load_nextpost":"","csco_post_video_location":[],"csco_post_video_location_hash":"","csco_post_video_url":"","csco_post_video_bg_start_time":0,"csco_post_video_bg_end_time":0,"footnotes":""},"categories":[9670],"tags":[],"class_list":{"0":"post-84354","1":"post","2":"type-post","3":"status-publish","4":"format-standard","6":"category-tv","7":"cs-entry","8":"cs-video-wrap"},"_links":{"self":[{"href":"https:\/\/mediarun.com\/pl\/wp-json\/wp\/v2\/posts\/84354","targetHints":{"allow":["GET"]}}],"collection":[{"href":"https:\/\/mediarun.com\/pl\/wp-json\/wp\/v2\/posts"}],"about":[{"href":"https:\/\/mediarun.com\/pl\/wp-json\/wp\/v2\/types\/post"}],"author":[{"embeddable":true,"href":"https:\/\/mediarun.com\/pl\/wp-json\/wp\/v2\/users\/1"}],"replies":[{"embeddable":true,"href":"https:\/\/mediarun.com\/pl\/wp-json\/wp\/v2\/comments?post=84354"}],"version-history":[{"count":0,"href":"https:\/\/mediarun.com\/pl\/wp-json\/wp\/v2\/posts\/84354\/revisions"}],"wp:attachment":[{"href":"https:\/\/mediarun.com\/pl\/wp-json\/wp\/v2\/media?parent=84354"}],"wp:term":[{"taxonomy":"category","embeddable":true,"href":"https:\/\/mediarun.com\/pl\/wp-json\/wp\/v2\/categories?post=84354"},{"taxonomy":"post_tag","embeddable":true,"href":"https:\/\/mediarun.com\/pl\/wp-json\/wp\/v2\/tags?post=84354"}],"curies":[{"name":"wp","href":"https:\/\/api.w.org\/{rel}","templated":true}]}}