{"id":84351,"date":"2005-12-01T14:56:05","date_gmt":"2005-12-01T13:56:05","guid":{"rendered":"https:\/\/mediarun.com\/index.php\/news-posts\/wspolny-lobbing-na-rzecz-tvp3-w-toruniu\/"},"modified":"2005-12-01T14:56:05","modified_gmt":"2005-12-01T13:56:05","slug":"wspolny-lobbing-na-rzecz-tvp3-w-toruniu","status":"publish","type":"post","link":"https:\/\/mediarun.com\/pl\/media\/tv\/wspolny-lobbing-na-rzecz-tvp3-w-toruniu.html","title":{"rendered":"Wsp\u00f3lny lobbing na rzecz TVP3 w Toruniu"},"content":{"rendered":"<p>&#8211; Do Dworu Artusa na zaproszenie toru\u0144skich samorz\u0105dowc\u00f3w nie przybyli parlamentarzy\u015bci SLD, reprezentant PSL i dw\u00f3ch z trzech pos\u0142\u00f3w Samoobrony. W\u015br\u00f3d omawianych problem\u00f3w poruszono spraw\u0119 oddzia\u0142u TVP3 w Toruniu. Parlamentarzy\u015bci zaproponowali wystosowanie przez samorz\u0105d listu do prezesa TVP, pod kt\u00f3rym si\u0119 podpisz\u0105. Zbigniew Girzy\u0144ski, pose\u0142 PiS, uzna\u0142 spraw\u0119 oddzia\u0142u za bydgoski policzek dla Torunia. &#8211; pisz\u0105 &#8222;Nowo\u015bci&#8221;<\/p>\n<p>&#8211; Wykorzystamy ka\u017cdy pomys\u0142. Wsparcie parlamentarzyst\u00f3w b\u0119dzie pomocne &#8211; m\u00f3wi Marcin Czy\u017cniewski, rzecznik prezydenta Torunia, <\/p>\n<p>&#8211; Parlamentarzy\u015bci chc\u0105 regularnie spotyka\u0107 si\u0119 z samorz\u0105dowcami, nie tylko z Torunia, by w Sejmie i Senacie niezale\u017cnie od przynale\u017cno\u015bci partyjnej popiera\u0107 regionalne inicjatywy. Podkre\u015blano konieczno\u015b\u0107 wykorzystania faktu, \u017ce Toru\u0144, opr\u00f3cz Warszawy; jest miastem gdzie najcz\u0119\u015bciej spotka\u0107 mo\u017cna czionk\u00f3w rz\u0105du. By\u0142a to aluzja do rz\u0105dowych wizyt w mediach ojca Tadeusza Rydzyka. &#8211; czytamy w dzienniku<\/p>\n","protected":false},"excerpt":{"rendered":"Wsp\u00f3lny lobbing na rzecz regionu obiecuj\u0105 parlamentarzy\u015bci Pos\u0142owie i senatorowie z regionu podpisz\u0105 si\u0119 pod listem do prezesa telewizji publicznej w sprawie organizacji toru\u0144skiego oddzia\u0142u TVP3. Zamierzaj\u0105 lobbowa\u0107 na rzecz regionu ponad partyjnymi podzia\u0142ami. &#8211; informuj\u0105 &#8222;Nowo\u015bci&#8221;","protected":false},"author":1,"featured_media":84352,"comment_status":"open","ping_status":"closed","sticky":false,"template":"","format":"standard","meta":{"csco_display_header_overlay":false,"csco_singular_sidebar":"","csco_page_header_type":"","csco_page_load_nextpost":"","csco_post_video_location":[],"csco_post_video_location_hash":"","csco_post_video_url":"","csco_post_video_bg_start_time":0,"csco_post_video_bg_end_time":0,"footnotes":""},"categories":[9670],"tags":[],"class_list":{"0":"post-84351","1":"post","2":"type-post","3":"status-publish","4":"format-standard","5":"has-post-thumbnail","7":"category-tv","8":"cs-entry","9":"cs-video-wrap"},"_links":{"self":[{"href":"https:\/\/mediarun.com\/pl\/wp-json\/wp\/v2\/posts\/84351","targetHints":{"allow":["GET"]}}],"collection":[{"href":"https:\/\/mediarun.com\/pl\/wp-json\/wp\/v2\/posts"}],"about":[{"href":"https:\/\/mediarun.com\/pl\/wp-json\/wp\/v2\/types\/post"}],"author":[{"embeddable":true,"href":"https:\/\/mediarun.com\/pl\/wp-json\/wp\/v2\/users\/1"}],"replies":[{"embeddable":true,"href":"https:\/\/mediarun.com\/pl\/wp-json\/wp\/v2\/comments?post=84351"}],"version-history":[{"count":0,"href":"https:\/\/mediarun.com\/pl\/wp-json\/wp\/v2\/posts\/84351\/revisions"}],"wp:featuredmedia":[{"embeddable":true,"href":"https:\/\/mediarun.com\/pl\/wp-json\/wp\/v2\/media\/84352"}],"wp:attachment":[{"href":"https:\/\/mediarun.com\/pl\/wp-json\/wp\/v2\/media?parent=84351"}],"wp:term":[{"taxonomy":"category","embeddable":true,"href":"https:\/\/mediarun.com\/pl\/wp-json\/wp\/v2\/categories?post=84351"},{"taxonomy":"post_tag","embeddable":true,"href":"https:\/\/mediarun.com\/pl\/wp-json\/wp\/v2\/tags?post=84351"}],"curies":[{"name":"wp","href":"https:\/\/api.w.org\/{rel}","templated":true}]}}