{"id":84340,"date":"2005-12-01T19:10:33","date_gmt":"2005-12-01T18:10:33","guid":{"rendered":"https:\/\/mediarun.com\/index.php\/news-posts\/radek-nalecz-w-uwm-fm\/"},"modified":"2005-12-01T19:10:33","modified_gmt":"2005-12-01T18:10:33","slug":"radek-nalecz-w-uwm-fm","status":"publish","type":"post","link":"https:\/\/mediarun.com\/pl\/media\/radio\/radek-nalecz-w-uwm-fm.html","title":{"rendered":"Radek Na\u0142\u0119cz w UWM FM"},"content":{"rendered":"<p>Na\u0142\u0119cz w UWM FM zajmie si\u0119 swoim autorskim projektem &#8211; &#8222;Pimp&#8221;. Prezenter t\u0142umaczy nam, \u017ce b\u0119dzie to program muzyczny nadawany w ka\u017cd\u0105 niedziel\u0119 miedzy godzin\u0105 21, a 23, w kt\u00f3rym zaprezentuje tak\u0105 muzyk\u0119, jakiej s\u0142ucha w domu. &#8211; Nie chce skupia\u0107 si\u0119 na jednym gatunku, w &#8222;Pimpie&#8221; us\u0142yszycie hip-hop, trip-hop, nu-jazz, funk, soul, elektroniczne brzmienia, muzyk\u0119 taneczn\u0105 &#8211; m\u00f3wi nam Na\u0142\u0119cz. &#8211; Program ma by\u0107 interaktywny, ma porusza\u0107 tematy wa\u017cne dla i zwi\u0105zane z m\u0142odzie\u017c\u0105. Przewiduje r\u00f3wnie\u017c wywiady z gwiazdami muzyki oraz ciekawymi lud\u017ami o mniej lub bardziej typowych zainteresowaniach &#8211; dodaje.<\/p>\n<p>&#8211; Mam ju\u017c kilka pomys\u0142\u00f3w na promocj\u0119 projektu, ju\u017c nied\u0142ugo rusz\u0105 w tym pa\u015bmie konkursy i akcje specjalne &#8211; zdradza nam Radek Na\u0142\u0119cz. &#8211; Pewn\u0105 ambicj\u0105 jest pr\u00f3ba stworzenia pasma, gdzie mo\u017cliwa b\u0119dzie kreacja i prezentacja trend\u00f3w oraz promocja dobrej muzyki &#8211; dodaje. Program &#8222;Pimp&#8221; b\u0119dzie mia\u0142 r\u00f3wnie\u017c w\u0142asn\u0105 stron\u0119 internetow\u0105 dost\u0119pn\u0105 pod adresem www.pimp.pl.<\/p>\n<p>Radek Na\u0142\u0119cz zacz\u0105\u0142 r\u00f3wnie\u017c prac\u0119 w regionalnym portalu Warmii i Mazur zwi\u0105zanym z &#8222;Gazet\u0105 Olszty\u0144sk\u0105&#8221; (www.wm.pl) na stanowisko redaktor &#8211; specjalista ds. promocji. &#8211; Do moich zada\u0144 b\u0119dzie nala\u0142o: aktualizacja serwisu (newsman), praca nad wizerunkiem portalu, koordynowanie oraz wymy\u015blanie akcji zewn\u0119trznych i wewn\u0119trznych &#8211; m\u00f3wi nam dziennikarz. &#8211; To praca, kt\u00f3ra wymaga ode mnie du\u017cej pomys\u0142owo\u015bci oraz zaanga\u017cowania. Zesp\u00f3\u0142 jest m\u0142ody i energiczny i my\u015bl\u0119, \u017ce praca przy tworzeniu najwi\u0119kszego i najlepszego portalu w tej cz\u0119\u015bci Polski pozwoli na rozw\u00f3j w\u0142asnych zainteresowa\u0144 oraz b\u0119dzie \u017ar\u00f3d\u0142em rado\u015bci &#8211; dodaje.<\/p>\n<p>Radek Na\u0142\u0119cz dotychczas pracowa\u0142 m.in. w toru\u0144skim Radiu Gra i Radiostacji. Dziennikarstwem radiowym zajmuje si\u0119 od prawie 9 lat.<\/p>\n","protected":false},"excerpt":{"rendered":"Radek Na\u0142\u0119cz, do niedawna prezenter Radiostacji, rozpocz\u0105\u0142 wsp\u00f3\u0142prac\u0119 z olszty\u0144skim, m\u0142odzie\u017cowym radiem UWM FM. &#8211; Rozg\u0142o\u015bnia przedstawi\u0142a mi najlepsze warunki, pozwalaj\u0105ce mi praktycznie na pe\u0142n\u0105 swobod\u0119 w tworzeniu programu radiowego &#8211; wyja\u015bnia nam.","protected":false},"author":1,"featured_media":0,"comment_status":"open","ping_status":"closed","sticky":false,"template":"","format":"standard","meta":{"csco_display_header_overlay":false,"csco_singular_sidebar":"","csco_page_header_type":"","csco_page_load_nextpost":"","csco_post_video_location":[],"csco_post_video_location_hash":"","csco_post_video_url":"","csco_post_video_bg_start_time":0,"csco_post_video_bg_end_time":0,"footnotes":""},"categories":[9672],"tags":[],"class_list":{"0":"post-84340","1":"post","2":"type-post","3":"status-publish","4":"format-standard","6":"category-radio","7":"cs-entry","8":"cs-video-wrap"},"_links":{"self":[{"href":"https:\/\/mediarun.com\/pl\/wp-json\/wp\/v2\/posts\/84340","targetHints":{"allow":["GET"]}}],"collection":[{"href":"https:\/\/mediarun.com\/pl\/wp-json\/wp\/v2\/posts"}],"about":[{"href":"https:\/\/mediarun.com\/pl\/wp-json\/wp\/v2\/types\/post"}],"author":[{"embeddable":true,"href":"https:\/\/mediarun.com\/pl\/wp-json\/wp\/v2\/users\/1"}],"replies":[{"embeddable":true,"href":"https:\/\/mediarun.com\/pl\/wp-json\/wp\/v2\/comments?post=84340"}],"version-history":[{"count":0,"href":"https:\/\/mediarun.com\/pl\/wp-json\/wp\/v2\/posts\/84340\/revisions"}],"wp:attachment":[{"href":"https:\/\/mediarun.com\/pl\/wp-json\/wp\/v2\/media?parent=84340"}],"wp:term":[{"taxonomy":"category","embeddable":true,"href":"https:\/\/mediarun.com\/pl\/wp-json\/wp\/v2\/categories?post=84340"},{"taxonomy":"post_tag","embeddable":true,"href":"https:\/\/mediarun.com\/pl\/wp-json\/wp\/v2\/tags?post=84340"}],"curies":[{"name":"wp","href":"https:\/\/api.w.org\/{rel}","templated":true}]}}