{"id":84313,"date":"2005-12-01T22:31:09","date_gmt":"2005-12-01T21:31:09","guid":{"rendered":"https:\/\/mediarun.com\/index.php\/news-posts\/mag-na-16-krajowych-targach-ksiazki\/"},"modified":"2005-12-01T22:31:09","modified_gmt":"2005-12-01T21:31:09","slug":"mag-na-16-krajowych-targach-ksiazki","status":"publish","type":"post","link":"https:\/\/mediarun.com\/pl\/wydarzenia\/mag-na-16-krajowych-targach-ksiazki.html","title":{"rendered":"Mag na 16. Krajowych Targach Ksi\u0105zki"},"content":{"rendered":"<p>Wydawnictwo Mag, serdecznie zaprasza wszystkich mi\u0142o\u015bnik\u00f3w dobrej ksi\u0105\u017cki, nie tylko dzieci\u0119cej i m\u0142odzie\u017cowej, ale r\u00f3wnie\u017c dobrej prozy fantastycznej na stoisko swojego dystrybutora Firmy Ksi\u0119garskiej Jacek Olesiejuk , stoisko numer  167,  gdzie b\u0119dzie mo\u017cna zakupi\u0107 atrakcyjne tytu\u0142y po promocyjnych cenach. W\u015br\u00f3d polecanych nowo\u015bci m. in. najnowszy hit literatury m\u0142odzie\u017cowej &#8222;Najstarszy&#8221; Christophera Paoliniego oraz ksi\u0105\u017cki Andrzeja Sapkowskiego i Neila Gaimana.<\/p>\n","protected":false},"excerpt":{"rendered":"W Pa\u0142acu Kultury i Nauki w pi\u0105tek 2 grudnia rozpoczn\u0105 si\u0119 16. Krajowe Targi Ksi\u0105\u017cki. Targi trwaj\u0105 tylko trzy dni i s\u0105 w tym roku po\u015bwi\u0119cone przede wszystkim ksi\u0105\u017cce dla dzieci i m\u0142odzie\u017cy. Bilety wst\u0119pu s\u0105 po 3 z\u0142ote, ulgowe po 2.","protected":false},"author":1,"featured_media":0,"comment_status":"open","ping_status":"closed","sticky":false,"template":"","format":"standard","meta":{"csco_display_header_overlay":false,"csco_singular_sidebar":"","csco_page_header_type":"","csco_page_load_nextpost":"","csco_post_video_location":[],"csco_post_video_location_hash":"","csco_post_video_url":"","csco_post_video_bg_start_time":0,"csco_post_video_bg_end_time":0,"footnotes":""},"categories":[46],"tags":[],"class_list":{"0":"post-84313","1":"post","2":"type-post","3":"status-publish","4":"format-standard","6":"category-wydarzenia","7":"cs-entry","8":"cs-video-wrap"},"_links":{"self":[{"href":"https:\/\/mediarun.com\/pl\/wp-json\/wp\/v2\/posts\/84313","targetHints":{"allow":["GET"]}}],"collection":[{"href":"https:\/\/mediarun.com\/pl\/wp-json\/wp\/v2\/posts"}],"about":[{"href":"https:\/\/mediarun.com\/pl\/wp-json\/wp\/v2\/types\/post"}],"author":[{"embeddable":true,"href":"https:\/\/mediarun.com\/pl\/wp-json\/wp\/v2\/users\/1"}],"replies":[{"embeddable":true,"href":"https:\/\/mediarun.com\/pl\/wp-json\/wp\/v2\/comments?post=84313"}],"version-history":[{"count":0,"href":"https:\/\/mediarun.com\/pl\/wp-json\/wp\/v2\/posts\/84313\/revisions"}],"wp:attachment":[{"href":"https:\/\/mediarun.com\/pl\/wp-json\/wp\/v2\/media?parent=84313"}],"wp:term":[{"taxonomy":"category","embeddable":true,"href":"https:\/\/mediarun.com\/pl\/wp-json\/wp\/v2\/categories?post=84313"},{"taxonomy":"post_tag","embeddable":true,"href":"https:\/\/mediarun.com\/pl\/wp-json\/wp\/v2\/tags?post=84313"}],"curies":[{"name":"wp","href":"https:\/\/api.w.org\/{rel}","templated":true}]}}