{"id":84226,"date":"2005-12-04T18:06:20","date_gmt":"2005-12-04T17:06:20","guid":{"rendered":"https:\/\/mediarun.com\/index.php\/news-posts\/gdzie-dwoch-sie-bije-tam-trzeci-korzysta\/"},"modified":"2005-12-04T18:06:20","modified_gmt":"2005-12-04T17:06:20","slug":"gdzie-dwoch-sie-bije-tam-trzeci-korzysta","status":"publish","type":"post","link":"https:\/\/mediarun.com\/pl\/ludzie\/wywiad\/gdzie-dwoch-sie-bije-tam-trzeci-korzysta.html","title":{"rendered":"Gdzie dw\u00f3ch si\u0119 bije, tam trzeci korzysta"},"content":{"rendered":"<p><b>Walka o widza<\/b><\/p>\n<p><?plik(4101,'right','')?> Od jesieni dwie czo\u0142owe polskie stacje telewizyjne tocz\u0105 zaci\u0119ty b\u00f3j o ogl\u0105dalno\u015b\u0107. W tle wida\u0107 poprawiaj\u0105c\u0105 si\u0119 sytuacj\u0119 na rynku reklamy &#8211; zw\u0142aszcza telewizyjnej. Sko\u0144czy\u0142 si\u0119 gor\u0105czkowy okres wybor\u00f3w parlamentarnych i prezydenckich, kt\u00f3ry zapewni\u0142 wszystkim graczom dodatkowe przychody. Nadchodzi czas jeszcze wi\u0119kszej rywalizacji o ka\u017cdy kawa\u0142ek reklamowego tortu. TVN zapowiada zwi\u0119kszenie wydatk\u00f3w na tre\u015bci w przysz\u0142ym roku. Polsat rewan\u017cuje si\u0119 zabiegaj\u0105c o prawa do transmisji przysz\u0142orocznego mundialu w Niemczech. Zdaniem wielu obserwator\u00f3w, najbardziej mo\u017cliwym wariantem jest podzielenie tych praw na TVP i Polsat &#8211; dok\u0142adnie tak samo jak w 2002 roku. <\/p>\n<p><b>Wzajemne oskar\u017cenia<\/b><\/p>\n<p>W po\u0142owie sierpnia g\u0142o\u015bnym echem odbi\u0142y si\u0119 wzajemne oskar\u017cenia obydwu stacji telewizyjnych o kradzie\u017c materia\u0142\u00f3w. TVN utrzymywa\u0142a wtedy, i\u017c w &#8222;Wydarzeniach&#8221; wyemitowano jej materia\u0142 z przes\u0142uchania Cimoszewicza przed komisj\u0105 \u015bledcz\u0105, kt\u00f3ry zosta\u0142 komputerowo powi\u0119kszony, gdy\u017c na sali zabrak\u0142o kamer Polsatu. Tomasz Lis, dawny prezenter &#8222;Fakt\u00f3w&#8221;, dzisiaj cz\u0142onek zarz\u0105du Polsatu odpowiedzialny za sprawy programowe zarzuci\u0142 konkurencji kradzie\u017c wywiadu Mateusza Borka z Jerzym Dudkiem tu\u017c po finale Ligi Mistrz\u00f3w. Cho\u0107 m\u00f3wi si\u0119 o ugodzie s\u0105dowej, jak\u0105 ma zawrze\u0107 Tomasz Lis z TVN w zwi\u0105zku z procesem dotycz\u0105cym zwolnienia go z pracy, niech\u0119\u0107 do by\u0142ego pracodawcy nie maleje. W przerwie reklamowej programu &#8222;Co z t\u0105 Polsk\u0105?&#8221; Lis zach\u0119ca\u0142 Bronis\u0142awa Wildsteina do podania nazwy medium, w kt\u00f3rym dyskutuje si\u0119 nad stopniem paskudno\u015bci PiS-u. Kilkana\u015bcie minut p\u00f3\u017aniej na antenie Wildstein wskaza\u0142 na TVN i TVN24. Wp\u0142ywy by\u0142ego dziennikarza TVN s\u0105 coraz wi\u0119ksze. Nic dziwnego. To jemu Polsat zawdzi\u0119cza dobre wyniki ogl\u0105dalno\u015bci &#8222;Wydarze\u0144&#8221; (16 listopada serwis informacyjny Polsatu pokona\u0142 &#8222;Wiadomo\u015bci&#8221; i &#8222;Fakty&#8221; &#8211; wynika z danych AGB Nielsen Media Research). <\/p>\n<p><b>Czy Polsatowi op\u0142aca si\u0119 maria\u017c z TVN?<\/b><\/p>\n<p>Ze wzgl\u0119d\u00f3w oczywistych w erze cyfryzacji rzecz\u0105 istotn\u0105 jest ilo\u015b\u0107 i jako\u015b\u0107 kana\u0142\u00f3w tematycznych. TVN ma TVN Siedem, TVN24, TVN Turbo, TVN Meteo, TVN Style i TVN Gra. Polsat mo\u017ce pochwali\u0107 si\u0119 dwoma kana\u0142ami sportowymi oraz Polsatem Zdrowie i Uroda. Jest tak\u017ce \u015bci\u015ble zwi\u0105zany z dost\u0119pnymi ju\u017c teraz naziemnie TV4 i TV Puls. Aspektem, kt\u00f3ry zdecydowanie r\u00f3\u017cni obydwu nadawc\u00f3w jest ich dzisiejszy zasi\u0119g. Polsat dociera do wi\u0119kszej liczby ludno\u015bci. TVN dopiero pr\u00f3buje zdj\u0105\u0107 z siebie etykiet\u0119 stacji ponadregionalnej. Obydwaj komercyjni gracze nie s\u0105 dost\u0119pni w niekodowanym przekazie satelitarnym (z wyj\u0105tkiem emisji analogowej TVN). Paradoksalnie Polsatowi zaszkodzi\u0142a zmiana systemu kodowania platformy cyfrowej na lepiej zabezpieczony. Wed\u0142ug danych nieoficjalnych, piracko m\u00f3g\u0142 dociera\u0107 do kilkuset tysi\u0119cy gospodarstw domowych &#8211; cz\u0119sto znajduj\u0105cych si\u0119 poza zasi\u0119giem jego nadajnik\u00f3w naziemnych. Pierwszy miesi\u0105c rywalizacji z r\u00f3wnej pozycji przyni\u00f3s\u0142 nieoczekiwane zmiany w rankingu ogl\u0105dalno\u015bci ca\u0142odobowej stacji telewizyjnych (w ca\u0142ej populacji ogl\u0105dalno\u015b\u0107 TVN wynios\u0142a 16,9 proc., a Polsatu 16,4 proc. &#8211; dane AGB Nielsen Media Research). Gdy emisja ze wsp\u00f3lnych cz\u0119stotliwo\u015bci w ramach cyfrowej telewizji naziemnej (POT) dojdzie do skutku, obydwie stacje b\u0119d\u0105 musia\u0142y rywalizowa\u0107 nie tylko z r\u00f3wnej pozycji w przekazie satelitarnym, ale zw\u0142aszcza naziemnym. Dla Polsatu mo\u017ce to oznacza\u0107 dalsze pog\u0142\u0119bianie r\u00f3\u017cnicy w rankingu ogl\u0105dalno\u015bci wzgl\u0119dem rywala. W ramach jednego multipleksu cyfrowego zmie\u015bci si\u0119 tylko par\u0119 kana\u0142\u00f3w. Na emisj\u0119 nawet tych najbardziej atrakcyjnych &#8211; tematycznych trzeba b\u0119dzie raczej poczeka\u0107 do wy\u0142\u0105czenia nadajnik\u00f3w analogowych, kiedy pojawi\u0105 si\u0119 dodatkowe cz\u0119stotliwo\u015bci. <\/p>\n<p><b>TVP wyjdzie najlepiej na cyfryzacji<\/b><\/p>\n<p>Ani Polsat, ani TVN nie ma zdeklarowanych zwolennik\u00f3w politycznych. To TVP jest szczeg\u00f3lnie \u0142akomym k\u0119sem dla dochodz\u0105cych do w\u0142adzy ugrupowa\u0144 politycznych. Niezale\u017cnie od tego jaka opcja b\u0119dzie przy w\u0142adzy, dobro Telewizji Polskiej, nad kt\u00f3r\u0105 mo\u017cna \u0142atwo zapanowa\u0107 &#8211; jest dla polityk\u00f3w najwa\u017cniejsze. Nic dziwnego, \u017ce w\u0142adze na Woronicza odm\u00f3wi\u0142y wsp\u00f3\u0142pracy z komercyjnymi konkurentami. By\u0107 mo\u017ce pami\u0119ta\u0142y jeszcze sytuacj\u0119 z ko\u0144ca lat 90, kiedy to powstawa\u0142y satelitarne platformy cyfrowe. Pocz\u0105tkowo Polacy mieli mie\u0107 tylko jedn\u0105 cyfrow\u0105 telewizj\u0119 tworzon\u0105 przez UPC, Canal+ i Polsat. W nied\u0142ugim czasie drogi Canal+ i UPC si\u0119 rozesz\u0142y, a Polsat szuka\u0142 porozumienia najpierw z jednym operatorem, p\u00f3\u017aniej z drugim &#8211; po czym uruchomi\u0142 w\u0142asn\u0105 platform\u0119 cyfrow\u0105. Mog\u0142oby si\u0119 wydawa\u0107, \u017ce podobnie b\u0119dzie i tym razem, lecz w tej rozgrywce to TVP jest na najlepszej pozycji. Rz\u0105dz\u0105cy PiS chce wprowadzi\u0107 regulacje, kt\u00f3re zwi\u0119ksz\u0105 i to znacznie pobieralno\u015b\u0107 abonamentu. Pozwol\u0105 na uruchomienie nowych kana\u0142\u00f3w tematycznych, kt\u00f3re zape\u0142ni\u0105 ca\u0142y multipleks nale\u017c\u0105cy do telewizji publicznej. Jednocze\u015bnie TVP nie zamierza rezygnowa\u0107 z rynku reklam telewizyjnych. Nie bez powodu Edward Miszczak nazwa\u0142 telewizj\u0119 z Woronicza &#8222;komercyjn\u0105 publiczn\u0105 konkurencj\u0105&#8221;. Uruchomienia nadajnik\u00f3w naziemnych TVP (niekt\u00f3re ju\u017c pracuj\u0105 testowo) mo\u017cemy spodziewa\u0107 si\u0119 szybciej ni\u017c cyfrowej emisji stacji komercyjnych.<\/p>\n<p><b>POT tak jak POPiS<\/b><\/p>\n<p>Czy Polsat gra na czas wchodz\u0105c z TVN w cyfrowe porozumienie? Jaki w tym interes Wies\u0142awa Walendziaka, by\u0142ego pos\u0142a PiS, dyrektora zarz\u0105du Polsatu i prezesa zarz\u0105du TVP? By\u0107 mo\u017ce po sk\u0142\u00f3ceniu nadawc\u00f3w komercyjnych wr\u00f3ci on na fotel obecnie zajmowany przez Jana Dworaka. Wiele medi\u00f3w informowa\u0142o o zamiarach przej\u0119cia nadawcy publicznego przez rz\u0105dz\u0105c\u0105 parti\u0119. Walendziak ma odpowiednie do\u015bwiadczenie w zarz\u0105dzaniu bran\u017c\u0105 telewizyjn\u0105. Atutem w oczach opinii publicznej mo\u017ce by\u0107 jego wzgl\u0119dna bezpartyjno\u015b\u0107.<\/p>\n","protected":false},"excerpt":{"rendered":"TVN z dum\u0105 poinformowa\u0142a o rekordowych wynikach ogl\u0105dalno\u015bci. Okaza\u0142o si\u0119, \u017ce stacja Waltera pokona\u0142a stacj\u0119 Solorza &#8211; kilkoma dziesi\u0119tnymi procenta. Pomimo paru wzajemnych oskar\u017ce\u0144 i incydent\u00f3w w ostatnim czasie, obydwa koncerny komercyjne chc\u0105 wsp\u00f3\u0142pracowa\u0107 przy wdra\u017caniu cyfrowej telewizji naziemnej. Czy wobec coraz bardziej zaci\u0119tej rywalizacji POT jest w og\u00f3le mo\u017cliwy? Mo\u017ce bardziej realne jest, \u017ce telewizyjna koalicja podzieli los tej od dawna zapowiadanej przez polityk\u00f3w PO i PiS-u?","protected":false},"author":1,"featured_media":84227,"comment_status":"open","ping_status":"closed","sticky":false,"template":"","format":"standard","meta":{"csco_display_header_overlay":false,"csco_singular_sidebar":"","csco_page_header_type":"","csco_page_load_nextpost":"","csco_post_video_location":[],"csco_post_video_location_hash":"","csco_post_video_url":"","csco_post_video_bg_start_time":0,"csco_post_video_bg_end_time":0,"footnotes":""},"categories":[45],"tags":[],"class_list":{"0":"post-84226","1":"post","2":"type-post","3":"status-publish","4":"format-standard","5":"has-post-thumbnail","7":"category-wywiad","8":"cs-entry","9":"cs-video-wrap"},"_links":{"self":[{"href":"https:\/\/mediarun.com\/pl\/wp-json\/wp\/v2\/posts\/84226","targetHints":{"allow":["GET"]}}],"collection":[{"href":"https:\/\/mediarun.com\/pl\/wp-json\/wp\/v2\/posts"}],"about":[{"href":"https:\/\/mediarun.com\/pl\/wp-json\/wp\/v2\/types\/post"}],"author":[{"embeddable":true,"href":"https:\/\/mediarun.com\/pl\/wp-json\/wp\/v2\/users\/1"}],"replies":[{"embeddable":true,"href":"https:\/\/mediarun.com\/pl\/wp-json\/wp\/v2\/comments?post=84226"}],"version-history":[{"count":0,"href":"https:\/\/mediarun.com\/pl\/wp-json\/wp\/v2\/posts\/84226\/revisions"}],"wp:featuredmedia":[{"embeddable":true,"href":"https:\/\/mediarun.com\/pl\/wp-json\/wp\/v2\/media\/84227"}],"wp:attachment":[{"href":"https:\/\/mediarun.com\/pl\/wp-json\/wp\/v2\/media?parent=84226"}],"wp:term":[{"taxonomy":"category","embeddable":true,"href":"https:\/\/mediarun.com\/pl\/wp-json\/wp\/v2\/categories?post=84226"},{"taxonomy":"post_tag","embeddable":true,"href":"https:\/\/mediarun.com\/pl\/wp-json\/wp\/v2\/tags?post=84226"}],"curies":[{"name":"wp","href":"https:\/\/api.w.org\/{rel}","templated":true}]}}