{"id":84197,"date":"2005-12-05T14:42:41","date_gmt":"2005-12-05T13:42:41","guid":{"rendered":"https:\/\/mediarun.com\/index.php\/news-posts\/medale-25-lecia-radiowej-transmisji-mszy-swietej\/"},"modified":"2005-12-05T14:42:41","modified_gmt":"2005-12-05T13:42:41","slug":"medale-25-lecia-radiowej-transmisji-mszy-swietej","status":"publish","type":"post","link":"https:\/\/mediarun.com\/pl\/media\/radio\/medale-25-lecia-radiowej-transmisji-mszy-swietej.html","title":{"rendered":"Medale 25-lecia radiowej transmisji mszy \u015bwi\u0119tej"},"content":{"rendered":"<p>Medale 25-lecia otrzyma\u0142y osoby zwi\u0105zane z Naczeln\u0105 Redakcj\u0105 Program\u00f3w Katolickich Polskiego Radia. W\u015br\u00f3d odznaczonych znale\u017ali si\u0119 m.in.: Stanis\u0142aw J\u0119drzejewski &#8211; cz\u0142onek KRRiT (ostatnio by\u0142y dyrektor radiowej Jedynki), ks. Marek Bia\u0142kowski proboszcz Parafii \u015awi\u0119tego Krzy\u017ca w Warszawie, Andrzej Turski &#8211; by\u0142y dyrektor Jedynki i Stanis\u0142aw So\u0142tys &#8211; przewodnicz\u0105cy Rady Programowej PR SA. Laureatami tego wyr\u00f3\u017cnienia byli r\u00f3wnie\u017c pracownicy Pionu Technicznego Polskiego Radia SA. <\/p>\n<p>Pierwsze Medale 25-lecia radiowej transmisji mszy \u015bwi\u0119tej dla Polskiego Radia by\u0142y wr\u0119czone 18 wrze\u015bnia br. w Bazylice \u015awi\u0119tego Krzy\u017ca w Warszawie, gdzie z r\u0105k ks. Biskupa J\u00f3zefa Zawitkowskiego to honorowe wyr\u00f3\u017cnienie otrzyma\u0142 m.in. prezes zarz\u0105du Polskiego Radia &#8211; Andrzej Siezieniewski.<\/p>\n","protected":false},"excerpt":{"rendered":"W poniedzia\u0142ek o godzinie 12.30 w siedzibie Polskiego Radia ksi\u0105dz Arcybiskup S\u0142awoj Leszek G\u0142\u00f3d\u017a i prezes Zarz\u0105du PR Andrzej Siezieniewski odznaczyli 35 pracownik\u00f3w i by\u0142ych pracownik\u00f3w Polskiego Radia Medalami 25-lecia radiowej transmisji mszy \u015bwi\u0119tej.","protected":false},"author":1,"featured_media":84198,"comment_status":"open","ping_status":"closed","sticky":false,"template":"","format":"standard","meta":{"csco_display_header_overlay":false,"csco_singular_sidebar":"","csco_page_header_type":"","csco_page_load_nextpost":"","csco_post_video_location":[],"csco_post_video_location_hash":"","csco_post_video_url":"","csco_post_video_bg_start_time":0,"csco_post_video_bg_end_time":0,"footnotes":""},"categories":[9672],"tags":[],"class_list":{"0":"post-84197","1":"post","2":"type-post","3":"status-publish","4":"format-standard","5":"has-post-thumbnail","7":"category-radio","8":"cs-entry","9":"cs-video-wrap"},"_links":{"self":[{"href":"https:\/\/mediarun.com\/pl\/wp-json\/wp\/v2\/posts\/84197","targetHints":{"allow":["GET"]}}],"collection":[{"href":"https:\/\/mediarun.com\/pl\/wp-json\/wp\/v2\/posts"}],"about":[{"href":"https:\/\/mediarun.com\/pl\/wp-json\/wp\/v2\/types\/post"}],"author":[{"embeddable":true,"href":"https:\/\/mediarun.com\/pl\/wp-json\/wp\/v2\/users\/1"}],"replies":[{"embeddable":true,"href":"https:\/\/mediarun.com\/pl\/wp-json\/wp\/v2\/comments?post=84197"}],"version-history":[{"count":0,"href":"https:\/\/mediarun.com\/pl\/wp-json\/wp\/v2\/posts\/84197\/revisions"}],"wp:featuredmedia":[{"embeddable":true,"href":"https:\/\/mediarun.com\/pl\/wp-json\/wp\/v2\/media\/84198"}],"wp:attachment":[{"href":"https:\/\/mediarun.com\/pl\/wp-json\/wp\/v2\/media?parent=84197"}],"wp:term":[{"taxonomy":"category","embeddable":true,"href":"https:\/\/mediarun.com\/pl\/wp-json\/wp\/v2\/categories?post=84197"},{"taxonomy":"post_tag","embeddable":true,"href":"https:\/\/mediarun.com\/pl\/wp-json\/wp\/v2\/tags?post=84197"}],"curies":[{"name":"wp","href":"https:\/\/api.w.org\/{rel}","templated":true}]}}