{"id":84195,"date":"2005-12-05T14:43:58","date_gmt":"2005-12-05T13:43:58","guid":{"rendered":"https:\/\/mediarun.com\/index.php\/news-posts\/nowa-osoba-w-vox-fm\/"},"modified":"2005-12-05T14:43:58","modified_gmt":"2005-12-05T13:43:58","slug":"nowa-osoba-w-vox-fm","status":"publish","type":"post","link":"https:\/\/mediarun.com\/pl\/media\/radio\/nowa-osoba-w-vox-fm.html","title":{"rendered":"Nowa osoba w Vox FM"},"content":{"rendered":"<p>Zanim trafi\u0142 do Eski Micha\u0142 Musia\u0142 pracowa\u0142 w RMF FM, gdzie by\u0142 \u0142\u00f3dzkim korespondentem rozg\u0142o\u015bni.<\/p>\n<p>Radio Vox FM, powsta\u0142e na bazie dawnych rozg\u0142o\u015bni Radia Plus, nadaje od 31 pa\u017adziernika w dziewi\u0119ciu miastach Polski (w Warszawie, Krakowie, \u0141odzi, Koszalinie, Szczecinie, Gryficach, Lipianach, Zakopanem i Rabce). Stacja gra najwi\u0119ksze przeboje lat &#8217;60, &#8217;70, i &#8217;80.<\/p>\n","protected":false},"excerpt":{"rendered":"Zmiana w sieci Vox FM. Nowym serwisantem spo\u0142eczno &#8211; religijnej sieci ZPR zosta\u0142 Micha\u0142 Musia\u0142. Zast\u0105pi\u0142 Piotra Czecha, kt\u00f3ry, jak ju\u017c informowali\u015bmy, przeszed\u0142 z pocz\u0105tkiem grudnia do Radia Zet. Musia\u0142 wcze\u015bniej pracowa\u0142 w Radiu Eska \u0141\u00f3d\u017a.","protected":false},"author":1,"featured_media":84196,"comment_status":"open","ping_status":"closed","sticky":false,"template":"","format":"standard","meta":{"csco_display_header_overlay":false,"csco_singular_sidebar":"","csco_page_header_type":"","csco_page_load_nextpost":"","csco_post_video_location":[],"csco_post_video_location_hash":"","csco_post_video_url":"","csco_post_video_bg_start_time":0,"csco_post_video_bg_end_time":0,"footnotes":""},"categories":[9672],"tags":[],"class_list":{"0":"post-84195","1":"post","2":"type-post","3":"status-publish","4":"format-standard","5":"has-post-thumbnail","7":"category-radio","8":"cs-entry","9":"cs-video-wrap"},"_links":{"self":[{"href":"https:\/\/mediarun.com\/pl\/wp-json\/wp\/v2\/posts\/84195","targetHints":{"allow":["GET"]}}],"collection":[{"href":"https:\/\/mediarun.com\/pl\/wp-json\/wp\/v2\/posts"}],"about":[{"href":"https:\/\/mediarun.com\/pl\/wp-json\/wp\/v2\/types\/post"}],"author":[{"embeddable":true,"href":"https:\/\/mediarun.com\/pl\/wp-json\/wp\/v2\/users\/1"}],"replies":[{"embeddable":true,"href":"https:\/\/mediarun.com\/pl\/wp-json\/wp\/v2\/comments?post=84195"}],"version-history":[{"count":0,"href":"https:\/\/mediarun.com\/pl\/wp-json\/wp\/v2\/posts\/84195\/revisions"}],"wp:featuredmedia":[{"embeddable":true,"href":"https:\/\/mediarun.com\/pl\/wp-json\/wp\/v2\/media\/84196"}],"wp:attachment":[{"href":"https:\/\/mediarun.com\/pl\/wp-json\/wp\/v2\/media?parent=84195"}],"wp:term":[{"taxonomy":"category","embeddable":true,"href":"https:\/\/mediarun.com\/pl\/wp-json\/wp\/v2\/categories?post=84195"},{"taxonomy":"post_tag","embeddable":true,"href":"https:\/\/mediarun.com\/pl\/wp-json\/wp\/v2\/tags?post=84195"}],"curies":[{"name":"wp","href":"https:\/\/api.w.org\/{rel}","templated":true}]}}